{"id":11602,"date":"2019-01-03T10:32:04","date_gmt":"2019-01-03T10:32:04","guid":{"rendered":"http:\/\/www.tiszaparti.hu\/?p=11602"},"modified":"2019-01-03T10:45:44","modified_gmt":"2019-01-03T10:45:44","slug":"karacsony2019","status":"publish","type":"post","link":"https:\/\/www.tiszaparti.hu\/index.php\/2019\/01\/03\/karacsony2019\/","title":{"rendered":"Kar\u00e1csony"},"content":{"rendered":"<p>[vc_row][vc_column width=&#8221;3\/4&#8243; css=&#8221;.vc_custom_1511336420303{background-color: #f4ecde !important;}&#8221;][vc_separator style=&#8221;shadow&#8221;][vc_column_text]<\/p>\n<p style=\"text-align: justify;\">2018. december 20-\u00e1n tartotta a Tisza-parti \u00c1ltal\u00e1nos Iskola k\u00f6z\u00f6ss\u00e9ge kar\u00e1csonyi \u00fcnneps\u00e9g\u00e9t az iskola tornaterm\u00e9ben. Als\u00f3s \u00e9s fels\u0151s di\u00e1kok, tan\u00e1rok egy\u00fctt \u00e9nekelve, verselve hozt\u00e1k el a kar\u00e1csony val\u00f3di \u00f6r\u00f6m\u00e9t Ady Endre, T\u00f3th \u00c1rp\u00e1d, We\u00f6res S\u00e1ndor, Dsida Jen\u0151, Radn\u00f3ti Mikl\u00f3s, Juh\u00e1sz Gyula, Wass Albert, Kosztol\u00e1nyi Dezs\u0151, K\u00e1ny\u00e1di S\u00e1ndor versein kereszt\u00fcl, amelyeket sz\u00ednvonalas hangszerj\u00e1t\u00e9kok foglaltak keretbe.<br \/>\nAz \u00fcnnep \u00f6r\u00f6m\u00e9t, nyugalm\u00e1t, rem\u00e9ny\u00e9t k\u00edv\u00e1nva csend\u00fcltek fel Ghymes-dallamok, Radn\u00f3ti \u00c9jszaka c. vers\u00e9nek megzen\u00e9s\u00edt\u00e9se iskol\u00e1nk tan\u00e1r-di\u00e1k k\u00f3rus\u00e1nak tolm\u00e1csol\u00e1s\u00e1ban. A verseket \u00e9s dalokat gyermekeink alkotta \u00e9l\u0151 zenekar k\u00eds\u00e9rte git\u00e1r, orgona, fuvola, heged\u0171, furulya, zongora, oboa, dob \u00e9s csell\u00f3 hangszereken.<br \/>\nVal\u00f3s\u00e1gg\u00e1 v\u00e1lt a kar\u00e1csony: az adakoz\u00e1s lelk\u00fclete. Adni m\u00e1soknak magunkb\u00f3l. L\u00e9lekben t\u00f6bbek, gazdagabbak lett\u00fcnk.<\/p>\n<p style=\"text-align: justify;\"><em>Petr\u00f3czin\u00e9 M\u00e9sz\u00e1ros Erzs\u00e9bet<\/em><\/p>\n<p>[\/vc_column_text][vc_gallery type=&#8221;slick_slider&#8221; images=&#8221;11605,11606,11607,11608,11609,11610,11611,11612,11613,11614,11615,11616,11617,11618,11619,11620,11621,11622,11623,11624,11625,11626,11628,11629,11630,11631&#8243;][vc_separator style=&#8221;shadow&#8221;][\/vc_column][vc_column width=&#8221;1\/4&#8243; css=&#8221;.vc_custom_1511336434996{background-color: #f4f4f4 !important;}&#8221;][vc_widget_sidebar sidebar_id=&#8221;default&#8221;][\/vc_column][\/vc_row]<\/p>\n","protected":false},"excerpt":{"rendered":"<p>[vc_row][vc_column width=&#8221;3\/4&#8243; css=&#8221;.vc_custom_1511336420303{background-color: #f4ecde !important;}&#8221;][vc_separator style=&#8221;shadow&#8221;][vc_column_text] 2018. december 20-\u00e1n tartotta a Tisza-parti \u00c1ltal\u00e1nos Iskola k\u00f6z\u00f6ss\u00e9ge kar\u00e1csonyi \u00fcnneps\u00e9g\u00e9t az iskola tornaterm\u00e9ben. Als\u00f3s \u00e9s fels\u0151s di\u00e1kok, tan\u00e1rok egy\u00fctt \u00e9nekelve, verselve hozt\u00e1k el a kar\u00e1csony val\u00f3di \u00f6r\u00f6m\u00e9t Ady Endre, T\u00f3th \u00c1rp\u00e1d, We\u00f6res S\u00e1ndor, Dsida Jen\u0151, Radn\u00f3ti Mikl\u00f3s, Juh\u00e1sz Gyula, Wass Albert, Kosztol\u00e1nyi Dezs\u0151, K\u00e1ny\u00e1di S\u00e1ndor versein kereszt\u00fcl, amelyeket [&hellip;]<\/p>\n","protected":false},"author":2,"featured_media":11610,"comment_status":"open","ping_status":"open","sticky":false,"template":"","format":"standard","meta":{"footnotes":""},"categories":[1],"tags":[],"class_list":["post-11602","post","type-post","status-publish","format-standard","has-post-thumbnail","hentry","category-hirek"],"_links":{"self":[{"href":"https:\/\/www.tiszaparti.hu\/index.php\/wp-json\/wp\/v2\/posts\/11602","targetHints":{"allow":["GET"]}}],"collection":[{"href":"https:\/\/www.tiszaparti.hu\/index.php\/wp-json\/wp\/v2\/posts"}],"about":[{"href":"https:\/\/www.tiszaparti.hu\/index.php\/wp-json\/wp\/v2\/types\/post"}],"author":[{"embeddable":true,"href":"https:\/\/www.tiszaparti.hu\/index.php\/wp-json\/wp\/v2\/users\/2"}],"replies":[{"embeddable":true,"href":"https:\/\/www.tiszaparti.hu\/index.php\/wp-json\/wp\/v2\/comments?post=11602"}],"version-history":[{"count":0,"href":"https:\/\/www.tiszaparti.hu\/index.php\/wp-json\/wp\/v2\/posts\/11602\/revisions"}],"wp:featuredmedia":[{"embeddable":true,"href":"https:\/\/www.tiszaparti.hu\/index.php\/wp-json\/wp\/v2\/media\/11610"}],"wp:attachment":[{"href":"https:\/\/www.tiszaparti.hu\/index.php\/wp-json\/wp\/v2\/media?parent=11602"}],"wp:term":[{"taxonomy":"category","embeddable":true,"href":"https:\/\/www.tiszaparti.hu\/index.php\/wp-json\/wp\/v2\/categories?post=11602"},{"taxonomy":"post_tag","embeddable":true,"href":"https:\/\/www.tiszaparti.hu\/index.php\/wp-json\/wp\/v2\/tags?post=11602"}],"curies":[{"name":"wp","href":"https:\/\/api.w.org\/{rel}","templated":true}]}}