{"id":12144,"date":"2019-03-06T07:51:26","date_gmt":"2019-03-06T07:51:26","guid":{"rendered":"http:\/\/www.tiszaparti.hu\/?p=12144"},"modified":"2019-03-06T07:55:50","modified_gmt":"2019-03-06T07:55:50","slug":"palyaorientaciosfoglalkozasok2019","status":"publish","type":"post","link":"https:\/\/www.tiszaparti.hu\/index.php\/2019\/03\/06\/palyaorientaciosfoglalkozasok2019\/","title":{"rendered":"P\u00e1lyaorient\u00e1ci\u00f3s foglalkoz\u00e1sok a 7. \u00e9vfolyamon"},"content":{"rendered":"<p>[vc_row][vc_column width=&#8221;3\/4&#8243; css=&#8221;.vc_custom_1511336420303{background-color: #f4ecde !important;}&#8221;][vc_separator style=&#8221;shadow&#8221;][vc_column_text]<\/p>\n<p style=\"text-align: justify;\">Iskol\u00e1nkban az idei tan\u00e9vben is megkezd\u0151dtek a p\u00e1lyav\u00e1laszt\u00e1si foglalkoz\u00e1sok a 7.\u00e9vfolyamos di\u00e1kok sz\u00e1m\u00e1ra, amelyeket a CSMPSZ p\u00e1lyav\u00e1laszt\u00e1si tan\u00e1csad\u00f3i vezetnek. Az el\u0151ad\u00e1sok t\u00e9m\u00e1i a k\u00f6vetkez\u0151k: a k\u00f6z\u00e9pfok\u00fa oktat\u00e1s bemutat\u00e1sa, p\u00e1lyaorient\u00e1ci\u00f3s- \u00e9s \u00f6nismereti foglalkoz\u00e1sok. B\u00edzunk benne, hogy ezekkel a foglalkoz\u00e1sokkal a j\u00f6v\u0151re felv\u00e9teliz\u0151 tanul\u00f3inkat hozz\u00e1seg\u00edthetj\u00fck a k\u00f6nnyebb p\u00e1lyav\u00e1laszt\u00e1shoz.<\/p>\n<p style=\"text-align: justify;\"><em>Cegl\u00e9di Anna<\/em><\/p>\n<p>[\/vc_column_text][vc_gallery type=&#8221;slick_slider&#8221; images=&#8221;12146,12147,12148&#8243;][vc_separator style=&#8221;shadow&#8221;][\/vc_column][vc_column width=&#8221;1\/4&#8243; css=&#8221;.vc_custom_1511336434996{background-color: #f4f4f4 !important;}&#8221;][vc_widget_sidebar sidebar_id=&#8221;default&#8221;][\/vc_column][\/vc_row]<\/p>\n","protected":false},"excerpt":{"rendered":"<p>[vc_row][vc_column width=&#8221;3\/4&#8243; css=&#8221;.vc_custom_1511336420303{background-color: #f4ecde !important;}&#8221;][vc_separator style=&#8221;shadow&#8221;][vc_column_text] Iskol\u00e1nkban az idei tan\u00e9vben is megkezd\u0151dtek a p\u00e1lyav\u00e1laszt\u00e1si foglalkoz\u00e1sok a 7.\u00e9vfolyamos di\u00e1kok sz\u00e1m\u00e1ra, amelyeket a CSMPSZ p\u00e1lyav\u00e1laszt\u00e1si tan\u00e1csad\u00f3i vezetnek. Az el\u0151ad\u00e1sok t\u00e9m\u00e1i a k\u00f6vetkez\u0151k: a k\u00f6z\u00e9pfok\u00fa oktat\u00e1s bemutat\u00e1sa, p\u00e1lyaorient\u00e1ci\u00f3s- \u00e9s \u00f6nismereti foglalkoz\u00e1sok. B\u00edzunk benne, hogy ezekkel a foglalkoz\u00e1sokkal a j\u00f6v\u0151re felv\u00e9teliz\u0151 tanul\u00f3inkat hozz\u00e1seg\u00edthetj\u00fck a k\u00f6nnyebb p\u00e1lyav\u00e1laszt\u00e1shoz. Cegl\u00e9di Anna [\/vc_column_text][vc_gallery [&hellip;]<\/p>\n","protected":false},"author":2,"featured_media":12147,"comment_status":"closed","ping_status":"closed","sticky":false,"template":"","format":"standard","meta":{"footnotes":""},"categories":[1],"tags":[],"class_list":["post-12144","post","type-post","status-publish","format-standard","has-post-thumbnail","hentry","category-hirek"],"_links":{"self":[{"href":"https:\/\/www.tiszaparti.hu\/index.php\/wp-json\/wp\/v2\/posts\/12144","targetHints":{"allow":["GET"]}}],"collection":[{"href":"https:\/\/www.tiszaparti.hu\/index.php\/wp-json\/wp\/v2\/posts"}],"about":[{"href":"https:\/\/www.tiszaparti.hu\/index.php\/wp-json\/wp\/v2\/types\/post"}],"author":[{"embeddable":true,"href":"https:\/\/www.tiszaparti.hu\/index.php\/wp-json\/wp\/v2\/users\/2"}],"replies":[{"embeddable":true,"href":"https:\/\/www.tiszaparti.hu\/index.php\/wp-json\/wp\/v2\/comments?post=12144"}],"version-history":[{"count":0,"href":"https:\/\/www.tiszaparti.hu\/index.php\/wp-json\/wp\/v2\/posts\/12144\/revisions"}],"wp:featuredmedia":[{"embeddable":true,"href":"https:\/\/www.tiszaparti.hu\/index.php\/wp-json\/wp\/v2\/media\/12147"}],"wp:attachment":[{"href":"https:\/\/www.tiszaparti.hu\/index.php\/wp-json\/wp\/v2\/media?parent=12144"}],"wp:term":[{"taxonomy":"category","embeddable":true,"href":"https:\/\/www.tiszaparti.hu\/index.php\/wp-json\/wp\/v2\/categories?post=12144"},{"taxonomy":"post_tag","embeddable":true,"href":"https:\/\/www.tiszaparti.hu\/index.php\/wp-json\/wp\/v2\/tags?post=12144"}],"curies":[{"name":"wp","href":"https:\/\/api.w.org\/{rel}","templated":true}]}}