{"id":12423,"date":"2019-04-08T08:30:28","date_gmt":"2019-04-08T08:30:28","guid":{"rendered":"http:\/\/www.tiszaparti.hu\/?p=12423"},"modified":"2019-04-12T11:27:03","modified_gmt":"2019-04-12T11:27:03","slug":"kolteszetzsavalo2019","status":"publish","type":"post","link":"https:\/\/www.tiszaparti.hu\/index.php\/2019\/04\/08\/kolteszetzsavalo2019\/","title":{"rendered":"K\u00f6lt\u00e9szet napi szaval\u00f3verseny"},"content":{"rendered":"<p>[vc_row][vc_column width=&#8221;3\/4&#8243; css=&#8221;.vc_custom_1511336420303{background-color: #f4ecde !important;}&#8221;][vc_separator style=&#8221;shadow&#8221;][vc_column_text]<\/p>\n<p style=\"text-align: justify;\">\u201e<em>A vers aj\u00e1nd\u00e9k, melyet meg kell tanulnunk elfogadni \u00e9s befogadni. Ez a folyamat egyszerre gy\u00f6trelmes \u00e9s gy\u00f6ny\u00f6r\u0171s\u00e9ges. A kisgyermeknek viszont term\u00e9szetes, mert \u0151 m\u00e9g l\u00e9nye eg\u00e9sz\u00e9vel a versben \u00e9l, annak ritmus\u00e1ban, zeneis\u00e9g\u00e9ben, sz\u00f3kapcsolataiban. A k\u00f6lt\u00e9szet var\u00e1zsa nem k\u00edv\u00fclr\u0151l hat r\u00e1, hanem bel\u00fclr\u0151l, a l\u00e9lek hat\u00e1rain bel\u00fcl.\u201d<\/em>\u00a0\u00a0\u00a0\u00a0 &#8211; Cseh Katalin \u2013<\/p>\n<p style=\"text-align: justify;\">A fent eml\u00edtett gondolatok igazs\u00e1g\u00e1t tapasztalhattuk meg \u00e1prilis 4-\u00e9n iskolai szaval\u00f3verseny\u00fcnk\u00f6n.<br \/>\nBens\u0151s\u00e9ges, szinte csal\u00e1dias l\u00e9gk\u00f6rben bonyol\u00edtottuk le rendezv\u00e9ny\u00fcnket, mely sokkal ink\u00e1bb volt egy \u201e\u00f6r\u00f6mversmond\u00e1s\u201d, mintsem t\u00e9tre men\u0151 vet\u00e9lked\u00e9s.<br \/>\nA k\u00f6zelg\u0151 v\u00e1rosi versenyre gondolva azonban m\u00e9gis \u00e9rt\u00e9kelnie kellett az elhangz\u00f3 prokukci\u00f3kat a magyartan\u00e1rokb\u00f3l \u00e1ll\u00f3 zs\u0171rinek.<br \/>\nHosszas tanakod\u00e1s ut\u00e1n a k\u00f6vetkez\u0151 eredm\u00e9ny sz\u00fcletett:<\/p>\n<p style=\"text-align: justify;\"><em>5-6. \u00e9vfolyamos kateg\u00f3ri\u00e1ban<\/em><\/p>\n<p><strong>1. B\u00e1rdos Emma\u00a0<\/strong>5.a<\/p>\n<p style=\"text-align: justify;\"><strong>2. Gy\u00f6mb\u00e9r Keve<\/strong> 5.a<\/p>\n<p style=\"text-align: justify;\"><strong>2. K\u00f3cs\u00f3 Zal\u00e1n<\/strong> 5.a<\/p>\n<p style=\"text-align: justify;\"><em>7-8. \u00e9vfolyamos kateg\u00f3ri\u00e1ban<\/em><\/p>\n<p style=\"text-align: justify;\"><strong>1. T\u00f3th Zal\u00e1n <\/strong>7.c<\/p>\n<p style=\"text-align: justify;\"><strong>2. Havrincs\u00e1k G\u00e1bor<\/strong> 7.a<\/p>\n<p style=\"text-align: justify;\"><strong>2. Nagy Benedek<\/strong> 7.c<\/p>\n<p style=\"text-align: justify;\">K\u00fcl\u00f6nleges versv\u00e1laszt\u00e1s\u00e1\u00e9rt \u00e9s \u00e9rett el\u0151ad\u00e1sm\u00f3dj\u00e1\u00e9rt <em>k\u00fcl\u00f6nd\u00edjat<\/em> kapott <strong>Sz\u00e9p Levente<\/strong> 6.b oszt\u00e1lyos di\u00e1k.<\/p>\n<p style=\"text-align: justify;\"><em>A v\u00e1rosi versenyen<strong> B\u00e1rdos Emma <\/strong>\u00e9s<strong> T\u00f3th Zal\u00e1n <\/strong>k\u00e9pviseli iskol\u00e1nkat. <\/em><\/p>\n<p style=\"text-align: justify;\">Gratul\u00e1lunk minden r\u00e9sztvev\u0151nek!<\/p>\n<p style=\"text-align: justify;\">\u00d6r\u00fcl\u00fcnk, hogy ezen a d\u00e9lut\u00e1non mi is \u00e1t\u00e9lhett\u00fck azt, hogy \u201e<em>a vers \u00fcnnep a h\u00e9tk\u00f6znapokban, k\u00e9pzeletbeli utaz\u00e1s szavak sz\u00e1rny\u00e1n vagy a cs\u00f6nd fed\u00e9lzet\u00e9n\u201d. (Cseh Katalin)<\/em><\/p>\n<p style=\"text-align: justify;\"><em>Bal\u00e1zsn\u00e9 Szelezs\u00e1n M\u00e1ria (versenyszervez\u0151)<\/em><\/p>\n<p>[\/vc_column_text][vc_gallery type=&#8221;slick_slider&#8221; images=&#8221;12431,12432,12433,12434,12435,12436,12437,12438,12439,12440,12441,12442,12443,12456,12457,12458,12459,12460,12461,12462,12463,12464&#8243;][vc_separator style=&#8221;shadow&#8221;][\/vc_column][vc_column width=&#8221;1\/4&#8243; css=&#8221;.vc_custom_1511336434996{background-color: #f4f4f4 !important;}&#8221;][vc_widget_sidebar sidebar_id=&#8221;default&#8221;][\/vc_column][\/vc_row]<\/p>\n","protected":false},"excerpt":{"rendered":"<p>[vc_row][vc_column width=&#8221;3\/4&#8243; css=&#8221;.vc_custom_1511336420303{background-color: #f4ecde !important;}&#8221;][vc_separator style=&#8221;shadow&#8221;][vc_column_text] \u201eA vers aj\u00e1nd\u00e9k, melyet meg kell tanulnunk elfogadni \u00e9s befogadni. Ez a folyamat egyszerre gy\u00f6trelmes \u00e9s gy\u00f6ny\u00f6r\u0171s\u00e9ges. A kisgyermeknek viszont term\u00e9szetes, mert \u0151 m\u00e9g l\u00e9nye eg\u00e9sz\u00e9vel a versben \u00e9l, annak ritmus\u00e1ban, zeneis\u00e9g\u00e9ben, sz\u00f3kapcsolataiban. A k\u00f6lt\u00e9szet var\u00e1zsa nem k\u00edv\u00fclr\u0151l hat r\u00e1, hanem bel\u00fclr\u0151l, a l\u00e9lek hat\u00e1rain bel\u00fcl.\u201d\u00a0\u00a0\u00a0\u00a0 &#8211; Cseh Katalin [&hellip;]<\/p>\n","protected":false},"author":2,"featured_media":6540,"comment_status":"closed","ping_status":"closed","sticky":false,"template":"","format":"standard","meta":{"footnotes":""},"categories":[1],"tags":[],"class_list":["post-12423","post","type-post","status-publish","format-standard","has-post-thumbnail","hentry","category-hirek"],"_links":{"self":[{"href":"https:\/\/www.tiszaparti.hu\/index.php\/wp-json\/wp\/v2\/posts\/12423","targetHints":{"allow":["GET"]}}],"collection":[{"href":"https:\/\/www.tiszaparti.hu\/index.php\/wp-json\/wp\/v2\/posts"}],"about":[{"href":"https:\/\/www.tiszaparti.hu\/index.php\/wp-json\/wp\/v2\/types\/post"}],"author":[{"embeddable":true,"href":"https:\/\/www.tiszaparti.hu\/index.php\/wp-json\/wp\/v2\/users\/2"}],"replies":[{"embeddable":true,"href":"https:\/\/www.tiszaparti.hu\/index.php\/wp-json\/wp\/v2\/comments?post=12423"}],"version-history":[{"count":0,"href":"https:\/\/www.tiszaparti.hu\/index.php\/wp-json\/wp\/v2\/posts\/12423\/revisions"}],"wp:featuredmedia":[{"embeddable":true,"href":"https:\/\/www.tiszaparti.hu\/index.php\/wp-json\/wp\/v2\/media\/6540"}],"wp:attachment":[{"href":"https:\/\/www.tiszaparti.hu\/index.php\/wp-json\/wp\/v2\/media?parent=12423"}],"wp:term":[{"taxonomy":"category","embeddable":true,"href":"https:\/\/www.tiszaparti.hu\/index.php\/wp-json\/wp\/v2\/categories?post=12423"},{"taxonomy":"post_tag","embeddable":true,"href":"https:\/\/www.tiszaparti.hu\/index.php\/wp-json\/wp\/v2\/tags?post=12423"}],"curies":[{"name":"wp","href":"https:\/\/api.w.org\/{rel}","templated":true}]}}