{"id":12466,"date":"2019-04-12T11:29:36","date_gmt":"2019-04-12T11:29:36","guid":{"rendered":"http:\/\/www.tiszaparti.hu\/?p=12466"},"modified":"2019-04-15T15:58:38","modified_gmt":"2019-04-15T15:58:38","slug":"petofikiskoros2019","status":"publish","type":"post","link":"https:\/\/www.tiszaparti.hu\/index.php\/2019\/04\/12\/petofikiskoros2019\/","title":{"rendered":"Pet\u0151fi J\u00e1nos vit\u00e9ze, m\u00e1sk\u00e9nt"},"content":{"rendered":"<p>[vc_row][vc_column width=&#8221;3\/4&#8243; css=&#8221;.vc_custom_1511336420303{background-color: #f4ecde !important;}&#8221;][vc_separator style=&#8221;shadow&#8221;][vc_column_text]<\/p>\n<p style=\"text-align: justify;\">M\u00e1rcius 28-\u00e1n nem az iskolapadban kezdte napj\u00e1t az 5.b oszt\u00e1ly, hanem egy rendk\u00edv\u00fcli irodalom\u00f3ra keret\u00e9ben oszt\u00e1lyf\u0151n\u00f6k\u00fck, Udvarhelyin\u00e9 B\u00e9res Irma \u00f6tlete \u00e9s szervez\u0151munk\u00e1ja \u00e1ltal elutaztunk Kisk\u0151r\u00f6sre. Pet\u0151fi S\u00e1ndor J\u00e1nos vit\u00e9z\u00e9nek az elolvas\u00e1s\u00e1t k\u00f6vet\u0151en egy 21. sz\u00e1zadi oktat\u00e1si k\u00f6rnyezetben \u00e9letre kelt sz\u00e1munkra a m\u0171. A tank\u00f6nyvoldalakon l\u00e9v\u0151 inform\u00e1ci\u00f3kr\u00f3l szem\u00e9lyesen is meggy\u0151z\u0151dt\u00fcnk a k\u00f6lt\u0151 sz\u00fcl\u0151h\u00e1z\u00e1ban \u00e9s a r\u00f3la elnevezett m\u00fazeumban. Felejthetetlen \u00e9lm\u00e9nyeinkr\u0151l \u00e1lljon itt n\u00e9h\u00e1ny tanul\u00f3 gondolata:<\/p>\n<p style=\"text-align: justify;\">Rucz \u00c1goston: <em>\u201eMikor meg\u00e9rkezt\u00fcnk Kisk\u0151r\u00f6sre, azonnal c\u00e9lba vett\u00fck a J\u00e1nos Vit\u00e9z L\u00e1togat\u00f3k\u00f6zpontot. \u00c9n eg\u00e9sz m\u00e1sra sz\u00e1m\u00edtottam. Azt hittem, unalmas lesz, de nem \u00edgy volt. 6 f\u0151s csoportokban ment\u00fcnk be az interakt\u00edv labirintusba. Nekem az a r\u00e9sz tetszett, amikor v\u00e1ndoroltunk az orsz\u00e1gokon kereszt\u00fcl.\u201d<\/em><\/p>\n<p style=\"text-align: justify;\">Kis L\u00e9da: <em>\u201eA labirintus volt a legjobb. V\u00e9gigment\u00fcnk az eg\u00e9sz t\u00f6rt\u00e9neten, \u00e9s k\u00f6zben feladatok is voltak.\u201d<\/em><\/p>\n<p style=\"text-align: justify;\">Juh\u00e1sz Emma: <em>\u201eAz elej\u00e9n adtak egy tabletet, \u00e9s meg kellett rajta alkotni a saj\u00e1t J\u00e1nos vit\u00e9z\u00fcnket. Legjobban az tetszett, ahogy az erd\u0151ben az es\u0151t megjelen\u00edtett\u00e9k.\u201d<\/em><\/p>\n<p style=\"text-align: justify;\">Varga S\u00e1ra: <em>\u201eSokat lehetett tanulni a t\u00e1rsasj\u00e1t\u00e9kb\u00f3l, mert olyan apr\u00f3 r\u00e9szletekr\u0151l is sz\u00f3 volt a J\u00e1nos vit\u00e9z t\u00f6rt\u00e9net\u00e9b\u0151l, amit am\u00fagy \u00e9szre sem vettem. A labirintus is j\u00f3 volt, mert \u00e1t\u00e9lhett\u00fck Jancsi sors\u00e1t.\u201d<\/em><\/p>\n<p style=\"text-align: justify;\">Szabad Emma: <em>\u201eAmikor v\u00e9gezt\u00fcnk a labirintusban, felment\u00fcnk a j\u00e1tsz\u00f3r\u00e9szbe, ott nekem a t\u00e1rsas \u00e9s a kirak\u00f3 tetszett legjobban. Ut\u00e1na megn\u00e9zt\u00fck a szoborkertet, \u00e9s sz\u00e9tv\u00e1lt a csoport. Mi egy h\u00e1zba ment\u00fcnk, ahol \u00e9rdekess\u00e9gek voltak Pet\u0151fir\u0151l, majd \u00e1tment\u00fcnk Pet\u0151fi h\u00e1z\u00e1ba, ott k\u00e9pek \u00e9s inform\u00e1ci\u00f3k voltak a sz\u00fcleir\u0151l \u00e9s r\u00f3la. Volt p\u00e1r eredeti b\u00fator, ami m\u00e9g az \u00f6v\u00e9k volt.\u201d<\/em><\/p>\n<p style=\"text-align: justify;\"><em>\u00a0<\/em><\/p>\n<p style=\"text-align: justify;\">K\u00f6rtv\u00e9lyessy Andr\u00e1s: <em>\u201eSz\u00edvesen ott maradtam volna, csak v\u00e1rt a suli.\u201d<\/em><\/p>\n<p style=\"text-align: justify;\"><em>\u00a0<\/em><\/p>\n<p style=\"text-align: justify;\"><em>Terhesn\u00e9 Rozik Edit,\u00a0magyartan\u00e1r<\/em><\/p>\n<p>[\/vc_column_text][vc_gallery type=&#8221;slick_slider&#8221; images=&#8221;12468,12469,12470,12471,12472,12473,12475,12476,12477,12478,12479,12480&#8243;][vc_separator style=&#8221;shadow&#8221;][\/vc_column][vc_column width=&#8221;1\/4&#8243; css=&#8221;.vc_custom_1511336434996{background-color: #f4f4f4 !important;}&#8221;][vc_widget_sidebar sidebar_id=&#8221;default&#8221;][\/vc_column][\/vc_row]<\/p>\n","protected":false},"excerpt":{"rendered":"<p>[vc_row][vc_column width=&#8221;3\/4&#8243; css=&#8221;.vc_custom_1511336420303{background-color: #f4ecde !important;}&#8221;][vc_separator style=&#8221;shadow&#8221;][vc_column_text] M\u00e1rcius 28-\u00e1n nem az iskolapadban kezdte napj\u00e1t az 5.b oszt\u00e1ly, hanem egy rendk\u00edv\u00fcli irodalom\u00f3ra keret\u00e9ben oszt\u00e1lyf\u0151n\u00f6k\u00fck, Udvarhelyin\u00e9 B\u00e9res Irma \u00f6tlete \u00e9s szervez\u0151munk\u00e1ja \u00e1ltal elutaztunk Kisk\u0151r\u00f6sre. Pet\u0151fi S\u00e1ndor J\u00e1nos vit\u00e9z\u00e9nek az elolvas\u00e1s\u00e1t k\u00f6vet\u0151en egy 21. sz\u00e1zadi oktat\u00e1si k\u00f6rnyezetben \u00e9letre kelt sz\u00e1munkra a m\u0171. A tank\u00f6nyvoldalakon l\u00e9v\u0151 inform\u00e1ci\u00f3kr\u00f3l szem\u00e9lyesen is meggy\u0151z\u0151dt\u00fcnk [&hellip;]<\/p>\n","protected":false},"author":2,"featured_media":12468,"comment_status":"closed","ping_status":"closed","sticky":false,"template":"","format":"standard","meta":{"footnotes":""},"categories":[1],"tags":[],"class_list":["post-12466","post","type-post","status-publish","format-standard","has-post-thumbnail","hentry","category-hirek"],"_links":{"self":[{"href":"https:\/\/www.tiszaparti.hu\/index.php\/wp-json\/wp\/v2\/posts\/12466","targetHints":{"allow":["GET"]}}],"collection":[{"href":"https:\/\/www.tiszaparti.hu\/index.php\/wp-json\/wp\/v2\/posts"}],"about":[{"href":"https:\/\/www.tiszaparti.hu\/index.php\/wp-json\/wp\/v2\/types\/post"}],"author":[{"embeddable":true,"href":"https:\/\/www.tiszaparti.hu\/index.php\/wp-json\/wp\/v2\/users\/2"}],"replies":[{"embeddable":true,"href":"https:\/\/www.tiszaparti.hu\/index.php\/wp-json\/wp\/v2\/comments?post=12466"}],"version-history":[{"count":0,"href":"https:\/\/www.tiszaparti.hu\/index.php\/wp-json\/wp\/v2\/posts\/12466\/revisions"}],"wp:featuredmedia":[{"embeddable":true,"href":"https:\/\/www.tiszaparti.hu\/index.php\/wp-json\/wp\/v2\/media\/12468"}],"wp:attachment":[{"href":"https:\/\/www.tiszaparti.hu\/index.php\/wp-json\/wp\/v2\/media?parent=12466"}],"wp:term":[{"taxonomy":"category","embeddable":true,"href":"https:\/\/www.tiszaparti.hu\/index.php\/wp-json\/wp\/v2\/categories?post=12466"},{"taxonomy":"post_tag","embeddable":true,"href":"https:\/\/www.tiszaparti.hu\/index.php\/wp-json\/wp\/v2\/tags?post=12466"}],"curies":[{"name":"wp","href":"https:\/\/api.w.org\/{rel}","templated":true}]}}