{"id":12558,"date":"2019-04-26T10:58:55","date_gmt":"2019-04-26T10:58:55","guid":{"rendered":"http:\/\/www.tiszaparti.hu\/?p=12558"},"modified":"2019-04-26T11:31:34","modified_gmt":"2019-04-26T11:31:34","slug":"muveszeteknapja2019-2","status":"publish","type":"post","link":"https:\/\/www.tiszaparti.hu\/index.php\/2019\/04\/26\/muveszeteknapja2019-2\/","title":{"rendered":"M\u0171v\u00e9szetek napja"},"content":{"rendered":"<p>[vc_row][vc_column width=&#8221;3\/4&#8243; css=&#8221;.vc_custom_1511336420303{background-color: #f4ecde !important;}&#8221;][vc_separator style=&#8221;shadow&#8221;][vc_column_text]<\/p>\n<p style=\"text-align: center;\"><strong>M\u0170V\u00c9SZETEK NAPJA<\/strong><\/p>\n<p style=\"text-align: center;\"><strong>2019.<\/strong><\/p>\n<p style=\"text-align: justify;\"><em>\u201eA m\u0171v\u00e9szet az \u00e9let csod\u00e1latos d\u00edsze. Nem lehet m\u00e1s, mert minden m\u0171v\u00e9szet l\u00e9nyege: a d\u00edsz\u00edt\u00e9s. Zene \u00e9s k\u00f6lt\u00e9szet a nyelv d\u00edsze, a j\u00e1r\u00e1s\u00e9 a t\u00e1nc. A fest\u00e9szet \u00e9s a szobr\u00e1szat viszont a gondolatok d\u00edsze \u2013 \u00fcres falakra vet\u00edtve.\u201d\u00a0\u00a0\u00a0\u00a0\u00a0\u00a0\u00a0\u00a0\u00a0\u00a0 \u00a0\u00a0\u00a0\u00a0\u00a0\u00a0\u00a0\u00a0\u00a0\u00a0\u00a0 &#8211; <\/em>Velde, H. V. De. \u2013<\/p>\n<p style=\"text-align: justify;\">A fent eml\u00edtett gondolatok ment\u00e9n &#8211; azzal a hittel, hogy a m\u0171v\u00e9szet \u201enem csup\u00e1n\u201d hat\u00e1ssal van az \u00e9let\u00fcnkre, hanem szem\u00e9lyis\u00e9g- \u00e9s l\u00e9lekform\u00e1l\u00f3 er\u0151vel b\u00edr \u2013 szervezt\u00fck meg imm\u00e1r harmadik alkalommal tavaszi <strong><em>M\u0171v\u00e9szetek Napja<\/em><\/strong> rendezv\u00e9ny\u00fcnket.<\/p>\n<p style=\"text-align: justify;\">A programot megnyit\u00f3 <strong>int\u00e9zm\u00e9nyvezet\u0151i k\u00f6sz\u00f6nt\u0151<\/strong>j\u00e9ben Schaller Gy\u00f6rgyi kiemelte, hogy iskol\u00e1nk sz\u00e1mos nagyszer\u0171 tehets\u00e9ggel b\u00fcszk\u00e9lkedhet, s ez alkalommal t\u00f6bb mint 120 di\u00e1kunk mutathatja meg a m\u0171v\u00e9szet valamely \u00e1ga ir\u00e1nti vonz\u00f3d\u00e1s\u00e1t, elk\u00f6telezetts\u00e9g\u00e9t.<\/p>\n<p style=\"text-align: justify;\">A 3. \u00e9s 4. \u00e9vfolyam <strong>nyit\u00f3t\u00e1nc<\/strong>\u00e1t a T\u00e1nCentrum Szegedi Alapfok\u00fa M\u0171v\u00e9szeti Iskola \u00e9s M\u0171v\u00e9szeti Szakgimn\u00e1zium tan\u00e1rai koreograf\u00e1lt\u00e1k \u00e9s tan\u00edtott\u00e1k be di\u00e1kjainknak.<\/p>\n<p style=\"text-align: justify;\">Az <strong>egy\u00e9ni hangszeres produkci\u00f3k<\/strong> m\u00f6g\u00f6tt a Kir\u00e1ly-K\u00f6nig P\u00e9ter Zenei Alapfok\u00fa M\u0171v\u00e9szeti Iskola, valamint a Pro Musica Alapfok\u00fa M\u0171v\u00e9szeti Iskola kiv\u00e1l\u00f3 zenepedag\u00f3gusainak lelkiismeretes felk\u00e9sz\u00edt\u0151 munk\u00e1ja \u00e1llt.<\/p>\n<p style=\"text-align: justify;\">Iskol\u00e1nk azon di\u00e1kjai, akik az angol nyelv \u00e9s a sz\u00ednj\u00e1tsz\u00e1s ir\u00e1nt is elk\u00f6telezettek, \u00e9s nem utols\u00f3sorban m\u00e9g \u00e9nekelni is szeretnek, az 1 \u00e9vfolyamt\u00f3l eg\u00e9szen a 6. \u00e9vfolyamig bez\u00e1r\u00f3lag, egy k\u00fcl\u00f6nleges <strong>angol sz\u00edndarab<\/strong>bal \u00f6rvendeztett\u00e9k meg a k\u00f6z\u00f6ns\u00e9get, The Gingerbread Man c\u00edmmel. A sok di\u00e1kot megmozgat\u00f3 produkci\u00f3 sz\u00ednpadra \u00e1ll\u00edt\u00e1s\u00e1t az angol munkak\u00f6z\u00f6ss\u00e9g tan\u00e1rainak, valamint az iskolai sz\u00ednj\u00e1tsz\u00f3 k\u00f6r dr\u00e1mapedag\u00f3gus\u00e1nak k\u00f6sz\u00f6nhetj\u00fck.<\/p>\n<p style=\"text-align: justify;\">L\u00e9lekemel\u0151 \u00e9lm\u00e9ny volt az iskola <strong>\u00e9nekkar<\/strong>\u00e1nak sz\u00ednpadra vonul\u00e1sa. K\u00f6zel nyolcvan csilingel\u0151 gyermekhang, k\u00f3rustag vagy \u00e9ppen ehhez az alkalomhoz csatlakoz\u00f3 lelkes di\u00e1k, \u00e9nekelte \u00e9l\u0151 hangszeres k\u00eds\u00e9rettel Szek\u00e9r Gerg\u0151 Mad\u00e1r, rep\u00fclj! c\u00edm\u0171 dal\u00e1nak feldolgoz\u00e1s\u00e1t k\u00e9t krist\u00e1lytiszta hang\u00fa sz\u00f3lista k\u00f6zrem\u0171k\u00f6d\u00e9s\u00e9vel.<\/p>\n<p style=\"text-align: justify;\">S hogy a m\u0171v\u00e9szi \u00e9lm\u00e9ny teljes legyen, befejez\u00e9sk\u00e9ppen a M\u0171v\u00e9szetek Napja d\u00edszvend\u00e9g\u00e9t, a <strong>swingheged\u00fcl\u00e9s nagymester\u00e9t, Frankie L\u00e1t\u00f3<\/strong>t k\u00f6sz\u00f6nthett\u00fck nagy tapssal. K\u00f6nnyed, virtu\u00f3z el\u0151ad\u00e1sm\u00f3dja ez alkalommal is mindenkit mag\u00e1val ragadott.<\/p>\n<p style=\"text-align: justify;\">K\u00f6sz\u00f6nj\u00fck minden r\u00e9sztvev\u0151nek a lelkiismeretes felk\u00e9sz\u00fcl\u00e9st, a k\u00f6z\u00f6ns\u00e9gnek pedig a lelkes fogadtat\u00e1st \u00e9s az \u0151szinte tetsz\u00e9snyilv\u00e1n\u00edt\u00e1st.<\/p>\n<p style=\"text-align: justify;\">K\u00fcl\u00f6n k\u00f6sz\u00f6net illeti k\u00e9t 8.-os di\u00e1kunk munk\u00e1j\u00e1t is, akik remek konfer\u00e1l\u00e1sukkal j\u00e1rultak hozz\u00e1 a rendezv\u00e9ny siker\u00e9hez.<\/p>\n<p style=\"text-align: justify;\"><em>A M\u0171v\u00e9szetek Napja program r\u00e9szek\u00e9nt ezen a napon iskol\u00e1nk aul\u00e1j\u00e1ban minden \u00e9rdekl\u0151d\u0151 megtekinthette Bern\u00e1t S\u00e1ra (8.a) <strong>portr\u00e9ki\u00e1ll\u00edt\u00e1s<\/strong>\u00e1t.<\/em><\/p>\n<p style=\"text-align: justify;\"><em>\u00a0<\/em><\/p>\n<p style=\"text-align: justify;\"><em>Bal\u00e1zsn\u00e9 Szelezs\u00e1n M\u00e1ria \u00e9s Petr\u00f3czin\u00e9 M\u00e9sz\u00e1ros Erzs\u00e9bet<\/em><\/p>\n<p>[\/vc_column_text][vc_gallery type=&#8221;slick_slider&#8221; images=&#8221;12561,12562,12563,12564,12565,12566,12567,12568,12569,12570,12571,12572,12573,12574,12575,12576,12577,12578,12579,12580,12581,12582,12583,12584,12585,12586,12587,12588,12589,12590,12591,12592,12593,12594,12595,12596&#8243;][vc_separator style=&#8221;shadow&#8221;][\/vc_column][vc_column width=&#8221;1\/4&#8243; css=&#8221;.vc_custom_1511336434996{background-color: #f4f4f4 !important;}&#8221;][vc_widget_sidebar sidebar_id=&#8221;default&#8221;][\/vc_column][\/vc_row]<\/p>\n","protected":false},"excerpt":{"rendered":"<p>[vc_row][vc_column width=&#8221;3\/4&#8243; css=&#8221;.vc_custom_1511336420303{background-color: #f4ecde !important;}&#8221;][vc_separator style=&#8221;shadow&#8221;][vc_column_text] M\u0170V\u00c9SZETEK NAPJA 2019. \u201eA m\u0171v\u00e9szet az \u00e9let csod\u00e1latos d\u00edsze. Nem lehet m\u00e1s, mert minden m\u0171v\u00e9szet l\u00e9nyege: a d\u00edsz\u00edt\u00e9s. Zene \u00e9s k\u00f6lt\u00e9szet a nyelv d\u00edsze, a j\u00e1r\u00e1s\u00e9 a t\u00e1nc. A fest\u00e9szet \u00e9s a szobr\u00e1szat viszont a gondolatok d\u00edsze \u2013 \u00fcres falakra vet\u00edtve.\u201d\u00a0\u00a0\u00a0\u00a0\u00a0\u00a0\u00a0\u00a0\u00a0\u00a0 \u00a0\u00a0\u00a0\u00a0\u00a0\u00a0\u00a0\u00a0\u00a0\u00a0\u00a0 &#8211; Velde, H. V. De. \u2013 A [&hellip;]<\/p>\n","protected":false},"author":2,"featured_media":12581,"comment_status":"closed","ping_status":"closed","sticky":false,"template":"","format":"standard","meta":{"footnotes":""},"categories":[1],"tags":[],"class_list":["post-12558","post","type-post","status-publish","format-standard","has-post-thumbnail","hentry","category-hirek"],"_links":{"self":[{"href":"https:\/\/www.tiszaparti.hu\/index.php\/wp-json\/wp\/v2\/posts\/12558","targetHints":{"allow":["GET"]}}],"collection":[{"href":"https:\/\/www.tiszaparti.hu\/index.php\/wp-json\/wp\/v2\/posts"}],"about":[{"href":"https:\/\/www.tiszaparti.hu\/index.php\/wp-json\/wp\/v2\/types\/post"}],"author":[{"embeddable":true,"href":"https:\/\/www.tiszaparti.hu\/index.php\/wp-json\/wp\/v2\/users\/2"}],"replies":[{"embeddable":true,"href":"https:\/\/www.tiszaparti.hu\/index.php\/wp-json\/wp\/v2\/comments?post=12558"}],"version-history":[{"count":0,"href":"https:\/\/www.tiszaparti.hu\/index.php\/wp-json\/wp\/v2\/posts\/12558\/revisions"}],"wp:featuredmedia":[{"embeddable":true,"href":"https:\/\/www.tiszaparti.hu\/index.php\/wp-json\/wp\/v2\/media\/12581"}],"wp:attachment":[{"href":"https:\/\/www.tiszaparti.hu\/index.php\/wp-json\/wp\/v2\/media?parent=12558"}],"wp:term":[{"taxonomy":"category","embeddable":true,"href":"https:\/\/www.tiszaparti.hu\/index.php\/wp-json\/wp\/v2\/categories?post=12558"},{"taxonomy":"post_tag","embeddable":true,"href":"https:\/\/www.tiszaparti.hu\/index.php\/wp-json\/wp\/v2\/tags?post=12558"}],"curies":[{"name":"wp","href":"https:\/\/api.w.org\/{rel}","templated":true}]}}