{"id":12741,"date":"2019-05-14T08:12:40","date_gmt":"2019-05-14T08:12:40","guid":{"rendered":"http:\/\/www.tiszaparti.hu\/?p=12741"},"modified":"2019-05-17T08:54:01","modified_gmt":"2019-05-17T08:54:01","slug":"egeszsegnap2019","status":"publish","type":"post","link":"https:\/\/www.tiszaparti.hu\/index.php\/2019\/05\/14\/egeszsegnap2019\/","title":{"rendered":"Eg\u00e9szs\u00e9gnap 2019"},"content":{"rendered":"<p>[vc_row][vc_column width=&#8221;3\/4&#8243; css=&#8221;.vc_custom_1511336420303{background-color: #f4ecde !important;}&#8221;][vc_separator style=&#8221;shadow&#8221;][vc_single_image image=&#8221;12702&#8243; img_size=&#8221;512&#215;384&#8243; alignment=&#8221;center&#8221; onclick=&#8221;zoom&#8221;][vc_column_text]<\/p>\n<p style=\"text-align: justify;\">Az \u201eEg\u00e9szs\u00e9g\u00fcnkre\u201d projektnappal ind\u00edtottuk ebben a tan\u00e9vben is az imm\u00e1r 4. alkalommal megrendez\u00e9sre ker\u00fcl\u0151 eg\u00e9szs\u00e9ghet\u00fcnket.<\/p>\n<p style=\"text-align: justify;\">A nap sor\u00e1n sokr\u00e9t\u0171 szeml\u00e9letform\u00e1l\u00f3 program seg\u00edts\u00e9g\u00e9vel az eg\u00e9szs\u00e9g- \u00e9s k\u00f6rnyezettudatos \u00e9letm\u00f3dra nevel\u00e9s volt a c\u00e9lunk, olyan helyzetekkel, amelyek \u00f6szt\u00f6n\u00f6zik, \u00f6szt\u00f6n\u00f6zni fogj\u00e1k tanul\u00f3inkat a helyes t\u00e1pl\u00e1lkoz\u00e1sra, a mozg\u00e1sra, az eg\u00e9szs\u00e9gv\u00e9delem \u00e9s a k\u00f6rnyezetv\u00e9delem fontoss\u00e1g\u00e1ra.<\/p>\n<p style=\"text-align: justify;\">A napot Mih\u00e1llfy Kinga parasportol\u00f3 egyetemista nyitotta meg, akinek megind\u00edt\u00f3 szavaib\u00f3l megtudhattuk, hogy akarater\u0151vel, kitart\u00e1ssal, az akad\u00e1lyok lek\u00fczd\u00e9s\u00e9vel sok mindent el\u00e9rhet\u00fcnk, megval\u00f3s\u00edthatunk \u00e9let\u00fcnk sor\u00e1n.<\/p>\n<p style=\"text-align: justify;\">A nap egy reggeli k\u00f6z\u00f6s torn\u00e1val kezd\u0151d\u00f6tt, amelynek sor\u00e1n 500 tanul\u00f3 egy\u00fctt zumb\u00e1zott iskol\u00e1nk udvar\u00e1n.<\/p>\n<p>[\/vc_column_text][vc_gallery type=&#8221;slick_slider&#8221; images=&#8221;12788,12789,12790,12791,12792,12793,12794,12795,12796,12797,12798,12799,12800&#8243; img_size=&#8221;50&#215;50&#8243;][vc_raw_html]JTNDaWZyYW1lJTIwd2lkdGglM0QlMjIyODAlMjIlMjBoZWlnaHQlM0QlMjIxNTglMjIlMjBzcmMlM0QlMjJodHRwcyUzQSUyRiUyRnd3dy55b3V0dWJlLmNvbSUyRmVtYmVkJTJGZ0Z5Vm5xNmxoaGMlMjIlMjBmcmFtZWJvcmRlciUzRCUyMjAlMjIlMjBhbGxvdyUzRCUyMmFjY2VsZXJvbWV0ZXIlM0IlMjBhdXRvcGxheSUzQiUyMGVuY3J5cHRlZC1tZWRpYSUzQiUyMGd5cm9zY29wZSUzQiUyMHBpY3R1cmUtaW4tcGljdHVyZSUyMiUyMGFsbG93ZnVsbHNjcmVlbiUzRSUzQyUyRmlmcmFtZSUzRSUwQSUwQSUzQ2lmcmFtZSUyMHdpZHRoJTNEJTIyMjgwJTIyJTIwaGVpZ2h0JTNEJTIyMTU4JTIyJTIwc3JjJTNEJTIyaHR0cHMlM0ElMkYlMkZ3d3cueW91dHViZS5jb20lMkZlbWJlZCUyRkdzMk1BOVR3eTlJJTIyJTIwZnJhbWVib3JkZXIlM0QlMjIwJTIyJTIwYWxsb3clM0QlMjJhY2NlbGVyb21ldGVyJTNCJTIwYXV0b3BsYXklM0IlMjBlbmNyeXB0ZWQtbWVkaWElM0IlMjBneXJvc2NvcGUlM0IlMjBwaWN0dXJlLWluLXBpY3R1cmUlMjIlMjBhbGxvd2Z1bGxzY3JlZW4lM0UlM0MlMkZpZnJhbWUlM0U=[\/vc_raw_html][vc_column_text]<\/p>\n<p style=\"text-align: justify;\">A nap folyam\u00e1n hangs\u00falyt kapott az eg\u00e9szs\u00e9gmeg\u0151rz\u00e9s \u00e9s az \u00fajrahasznos\u00edt\u00e1s t\u00e9m\u00e1ja. Az oszt\u00e1lyoknak \u00fajra kellett gondolniuk az \u00fajrahasznos\u00edthat\u00f3 anyagok felhaszn\u00e1l\u00e1s\u00e1t. Ezekb\u0151l d\u00edszt\u00e1rgyakat, haszn\u00e1lati t\u00e1rgyakat, a vitaminokr\u00f3l \u00e9s hat\u00e1saikr\u00f3l figyelemfelkelt\u0151, informat\u00edv plak\u00e1tokat kellett k\u00e9sz\u00edteni\u00fck. A jobbn\u00e1l jobb, kreat\u00edv alkot\u00e1sokb\u00f3l ki\u00e1ll\u00edt\u00e1st szervezt\u00fcnk iskol\u00e1nk aul\u00e1j\u00e1ban, illetve az als\u00f3 tagozatos oszt\u00e1lyok az oszt\u00e1lyteremben helyezt\u00e9k el az eg\u00e9szs\u00e9ges t\u00e1pl\u00e1lkoz\u00e1sra felh\u00edv\u00f3 plak\u00e1tjaikat.<\/p>\n<p>[\/vc_column_text][vc_gallery type=&#8221;slick_slider&#8221; images=&#8221;12806,12807,12808,12809&#8243; img_size=&#8221;50&#215;50&#8243;][vc_column_text]<\/p>\n<p style=\"text-align: justify;\">A fels\u0151 tagozatos di\u00e1kok drogprevenci\u00f3s \u00e9s fogyaszt\u00f3v\u00e9delmi interakt\u00edv el\u0151ad\u00e1son, \u00e9rz\u00e9keny\u00edt\u0151 foglalkoz\u00e1sokon, gener\u00e1ci\u00f3k k\u00f6z\u00f6tti emp\u00e1tia ter\u00e1pi\u00e1n, mindfullnes gyakorlatokon vettek r\u00e9szt. Az iskolakert\u00fcnkben \u00e1ltal\u00e1nos n\u00f6v\u00e9nytani \u00e9s gy\u00f3gyn\u00f6v\u00e9nyismereti feladatokat oldottak meg. A v\u00f6r\u00f6skeresztes bemutat\u00f3kon a k\u00f6t\u00f6z\u00e9sek \u00e9s az \u00fajra\u00e9leszt\u00e9s alapjaival ismerkedtek.<\/p>\n<p>[\/vc_column_text][vc_gallery type=&#8221;slick_slider&#8221; images=&#8221;12812,12813,12814,12815,12816,12817,12818,12819,12820,12821,12822,12823,12824&#8243; img_size=&#8221;50&#215;50&#8243;][vc_column_text]<\/p>\n<p style=\"text-align: justify;\"><a href=\"https:\/\/www.tiszaparti.hu\/index.php\/2019\/05\/13\/reggelem2019\/\">A rEGGelem interakt\u00edv programot<\/a> egy budapesti improviz\u00e1ci\u00f3s sz\u00ednh\u00e1z, az \u201eItt \u00e9s Most\u201d T\u00e1rsulat hozta el iskol\u00e1nkba. A humoros, interakt\u00edv, a gyerekek fant\u00e1zi\u00e1j\u00e1t is megmozgat\u00f3, nagysiker\u0171 el\u0151ad\u00e1s sor\u00e1n megtudhatt\u00e1k a gyerekek, mi\u00e9rt fontos a mindennapi reggeli, \u00e9s mi\u00e9rt j\u00f3 a napot t\u00f6bbek k\u00f6z\u00f6tt egy toj\u00e1ssal kezdeni.<\/p>\n<p>[\/vc_column_text][vc_gallery type=&#8221;slick_slider&#8221; images=&#8221;12832,12828,12829,12830,12831&#8243; img_size=&#8221;50&#215;50&#8243;][vc_column_text]<\/p>\n<p style=\"text-align: justify;\">Az eg\u00e9szs\u00e9ges t\u00e1pl\u00e1lkoz\u00e1s fontos r\u00e9sze az eg\u00e9szs\u00e9gmeg\u0151rz\u00e9snek. Ezen a napon az oszt\u00e1lyok \u201eSal\u00e1tab\u00e1r\u201d-t nyitottak, amelyhez az oszt\u00e1lyok k\u00e9sz\u00edtett\u00e9k a sal\u00e1ta- \u00e9s z\u00f6lds\u00e9gt\u00e1lakat, s ezeket aj\u00e1nlani kellett egym\u00e1snak annak alapj\u00e1n, hogy milyen vitaminokat tartalmaznak, \u00e9s ezek milyen hat\u00e1ssal vannak szervezet\u00fcnkre.<\/p>\n<p>[\/vc_column_text][vc_gallery type=&#8221;slick_slider&#8221; images=&#8221;12834,12835,12836,12837,12838,12839,12840,12841,12842,12843,12844,12845,12846,12847,12848,12849,12850,12851,12852,12853,12854&#8243; img_size=&#8221;50&#215;50&#8243;][vc_column_text]<\/p>\n<p style=\"text-align: justify;\">Iskol\u00e1nk aul\u00e1j\u00e1ban a B\u00d6D\u00d6N piac h\u00e1rom, k\u00e9zm\u0171ves term\u00e9keket k\u00e9sz\u00edt\u0151 tagja k\u00fcl\u00f6nb\u00f6z\u0151 gy\u00f3gyhat\u00e1s\u00fa n\u00f6v\u00e9nyekr\u0151l, k\u00e9sz\u00edtm\u00e9nyekr\u0151l tartott term\u00e9kbemutat\u00f3val egybek\u00f6t\u00f6tt el\u0151ad\u00e1st.<\/p>\n<p>[\/vc_column_text][vc_gallery type=&#8221;slick_slider&#8221; images=&#8221;12856,12857,12858,12859&#8243; img_size=&#8221;50&#215;50&#8243;][vc_column_text]<\/p>\n<p style=\"text-align: justify;\">Term\u00e9szetesen a mozg\u00e1sos j\u00e1t\u00e9koknak \u00e9s a sportnak is fontos szerepe volt ezen a d\u00e9lel\u0151tt\u00f6n.<\/p>\n<p style=\"text-align: justify;\">\u00c9lm\u00e9nyekben gazdag napot z\u00e1rtunk. Rem\u00e9lj\u00fck, hogy tan\u00edtv\u00e1nyaink az itt szerzett ismeretek seg\u00edts\u00e9g\u00e9vel tudatosabban figyelnek majd az eg\u00e9szs\u00e9ges \u00e9letm\u00f3d fontoss\u00e1g\u00e1ra.<\/p>\n<p style=\"text-align: justify;\"><em>Schaller Gy\u00f6rgyi, int\u00e9zm\u00e9nyvezet\u0151<\/em><\/p>\n<p>[\/vc_column_text][vc_separator style=&#8221;shadow&#8221;][\/vc_column][vc_column width=&#8221;1\/4&#8243; css=&#8221;.vc_custom_1511336434996{background-color: #f4f4f4 !important;}&#8221;][vc_widget_sidebar sidebar_id=&#8221;default&#8221;][\/vc_column][\/vc_row]<\/p>\n","protected":false},"excerpt":{"rendered":"<p>[vc_row][vc_column width=&#8221;3\/4&#8243; css=&#8221;.vc_custom_1511336420303{background-color: #f4ecde !important;}&#8221;][vc_separator style=&#8221;shadow&#8221;][vc_single_image image=&#8221;12702&#8243; img_size=&#8221;512&#215;384&#8243; alignment=&#8221;center&#8221; onclick=&#8221;zoom&#8221;][vc_column_text] Az \u201eEg\u00e9szs\u00e9g\u00fcnkre\u201d projektnappal ind\u00edtottuk ebben a tan\u00e9vben is az imm\u00e1r 4. alkalommal megrendez\u00e9sre ker\u00fcl\u0151 eg\u00e9szs\u00e9ghet\u00fcnket. A nap sor\u00e1n sokr\u00e9t\u0171 szeml\u00e9letform\u00e1l\u00f3 program seg\u00edts\u00e9g\u00e9vel az eg\u00e9szs\u00e9g- \u00e9s k\u00f6rnyezettudatos \u00e9letm\u00f3dra nevel\u00e9s volt a c\u00e9lunk, olyan helyzetekkel, amelyek \u00f6szt\u00f6n\u00f6zik, \u00f6szt\u00f6n\u00f6zni fogj\u00e1k tanul\u00f3inkat a helyes t\u00e1pl\u00e1lkoz\u00e1sra, a mozg\u00e1sra, az eg\u00e9szs\u00e9gv\u00e9delem [&hellip;]<\/p>\n","protected":false},"author":2,"featured_media":12702,"comment_status":"closed","ping_status":"closed","sticky":false,"template":"","format":"standard","meta":{"footnotes":""},"categories":[1],"tags":[],"class_list":["post-12741","post","type-post","status-publish","format-standard","has-post-thumbnail","hentry","category-hirek"],"_links":{"self":[{"href":"https:\/\/www.tiszaparti.hu\/index.php\/wp-json\/wp\/v2\/posts\/12741","targetHints":{"allow":["GET"]}}],"collection":[{"href":"https:\/\/www.tiszaparti.hu\/index.php\/wp-json\/wp\/v2\/posts"}],"about":[{"href":"https:\/\/www.tiszaparti.hu\/index.php\/wp-json\/wp\/v2\/types\/post"}],"author":[{"embeddable":true,"href":"https:\/\/www.tiszaparti.hu\/index.php\/wp-json\/wp\/v2\/users\/2"}],"replies":[{"embeddable":true,"href":"https:\/\/www.tiszaparti.hu\/index.php\/wp-json\/wp\/v2\/comments?post=12741"}],"version-history":[{"count":0,"href":"https:\/\/www.tiszaparti.hu\/index.php\/wp-json\/wp\/v2\/posts\/12741\/revisions"}],"wp:featuredmedia":[{"embeddable":true,"href":"https:\/\/www.tiszaparti.hu\/index.php\/wp-json\/wp\/v2\/media\/12702"}],"wp:attachment":[{"href":"https:\/\/www.tiszaparti.hu\/index.php\/wp-json\/wp\/v2\/media?parent=12741"}],"wp:term":[{"taxonomy":"category","embeddable":true,"href":"https:\/\/www.tiszaparti.hu\/index.php\/wp-json\/wp\/v2\/categories?post=12741"},{"taxonomy":"post_tag","embeddable":true,"href":"https:\/\/www.tiszaparti.hu\/index.php\/wp-json\/wp\/v2\/tags?post=12741"}],"curies":[{"name":"wp","href":"https:\/\/api.w.org\/{rel}","templated":true}]}}