{"id":13190,"date":"2019-06-28T12:06:47","date_gmt":"2019-06-28T12:06:47","guid":{"rendered":"http:\/\/www.tiszaparti.hu\/?p=13190"},"modified":"2019-07-02T11:27:55","modified_gmt":"2019-07-02T11:27:55","slug":"kivalosagok2019","status":"publish","type":"post","link":"https:\/\/www.tiszaparti.hu\/index.php\/2019\/06\/28\/kivalosagok2019\/","title":{"rendered":"A 2018\/2019. tan\u00e9v kiv\u00e1l\u00f3s\u00e1gai"},"content":{"rendered":"<p>[vc_row][vc_column width=&#8221;3\/4&#8243; css=&#8221;.vc_custom_1511336420303{background-color: #f4ecde !important;}&#8221;][vc_separator style=&#8221;shadow&#8221;][vc_single_image image=&#8221;13192&#8243; img_size=&#8221;full&#8221; alignment=&#8221;center&#8221;][vc_column_text]<\/p>\n<p style=\"text-align: justify;\"><em>\u00e1ll\u00f3 sor:<\/em> Pelle H\u00e9di, Brattke Edg\u00e1r, Juh\u00e1sz N\u00f3ra, Hegyk\u00f6zi Zal\u00e1n, Makai \u00c1kos, F\u00e1bi\u00e1n Barna, R\u00e1k\u00f3czi Bartos, K\u00e1rm\u00e1n Gergely, Lauk\u00f3 Petra, Kotorm\u00e1n Viktor, Horv\u00e1th Vera, Havass Zsigmond, Kom\u00e1romi Lilla Kitti, \u00c1goston \u00c1kos, Pap Merse Barnab\u00e1s, Persaits-P\u00f3sa \u00c1d\u00e1m, Vid\u00e1cs Bori, V\u00e1czi Zs\u00f3fia, Pataki Judit Al\u00edz, Petr\u00f3czi B\u00e1lint, Bir\u00f3 J\u00falia Alexandra, Kesser\u0171-Luk\u00e1cs Anna, Mucsi-Berecz Tam\u00e1s, Lehmann Zal\u00e1n, S\u00f3fi J\u00e1zmin Zora, Rajhona M\u00e1rton Oliv\u00e9r, Farkas Botond Bence<\/p>\n<p style=\"text-align: justify;\"><em>\u00fcl\u0151 sor: <\/em>Sz\u00e9k\u00e1cs Petra, Sikovanyecz Linda N\u00f3ra, Gombos Kata, Snejder Laura No\u00e9mi, Gy\u00f6mb\u00e9r S\u00e1ra, Baranyai J\u00e1zmin Anna, K\u00e1ity Kis\u00f3, Czak\u00f3 Zara, \u00c1rva J\u00falia Zs\u00f3fia<\/p>\n<p>a k\u00e9pr\u0151l hi\u00e1nyzik: Bulik Barka, Bulik Judit, Kis Gell\u00e9rt[\/vc_column_text][vc_single_image image=&#8221;13194&#8243; img_size=&#8221;full&#8221; alignment=&#8221;center&#8221;][vc_column_text]<em>\u00e1ll\u00f3 sor:<\/em> K\u00e1rm\u00e1n Gergely, Kotorm\u00e1n Viktor, Hegyk\u00f6zi Zal\u00e1n<\/p>\n<p><em>\u00fcl\u0151 sor:<\/em> Boz\u00f3 Viola, Gy\u00f6mb\u00e9r S\u00e1ra, Lauk\u00f3 Petra, Snejder Laura No\u00e9mi, Makai \u00c1kos<\/p>\n<p>a k\u00e9pr\u0151l hi\u00e1nyzik: Kis Gell\u00e9rt[\/vc_column_text][vc_single_image image=&#8221;13196&#8243; img_size=&#8221;full&#8221; alignment=&#8221;center&#8221;][vc_column_text]Toronyk\u0151y Luca, R\u00e1k\u00f3czi Bartos, Kom\u00e1romi Lilla Kitti, Farkas Jakab Bese, Boros Boldizs\u00e1r[\/vc_column_text][vc_single_image image=&#8221;13198&#8243; img_size=&#8221;full&#8221; alignment=&#8221;center&#8221;][vc_column_text]<em>\u00e1ll\u00f3 sor:<\/em> Pint\u00e9r \u00d6rs, Vadkerti Vince, Szab\u00f3 Lotti Manka, Moln\u00e1r Tekla, Bonifert Blanka, Sahin-T\u00f3th Blanka, Kozma J\u00e1zmin, Sz\u0171ts Szilas Viktor, Szijj\u00e1rt\u00f3 Csan\u00e1d<\/p>\n<p><em>\u00fcl\u0151 sor:<\/em> Cziner Sz\u00f3fia, Balogh Bogl\u00e1rka, Sasi Gl\u00f3ria, Debreczeny Dorka Fanni, Rideg Kata, Bartos Kinga<\/p>\n<p>a k\u00e9pr\u0151l hi\u00e1nyzik: Miksi Benj\u00e1min[\/vc_column_text][vc_single_image image=&#8221;13199&#8243; img_size=&#8221;full&#8221; alignment=&#8221;center&#8221;][vc_column_text]<em>\u00e1ll\u00f3 sor:<\/em> Vadkerti Vince, Kov\u00e1cs Berton, Szab\u00f3 Lotti Manka, Cziner Sz\u00f3fia, P\u00e9czely Zal\u00e1n Christopher, Fekete Tibor Andr\u00e1s, Leinweber Dominik, Szijj\u00e1rt\u00f3 Csan\u00e1d<\/p>\n<p><em>\u00fcl\u0151 sor:<\/em> Juh\u00e1sz Zsombor, Lud\u00e1nyi M\u00e1rk, Debreczeny Dorka Fanni, Varga Andr\u00e1s, Rideg Kata, Bartos Kinga, Bartos Gr\u00e9ta<\/p>\n<p>a k\u00e9pr\u0151l hi\u00e1nyzik: Jo\u00f3b Kevin D\u00e1niel, Kis \u00c1rp\u00e1d, Miksi Benj\u00e1min[\/vc_column_text][vc_single_image image=&#8221;13201&#8243; img_size=&#8221;full&#8221; alignment=&#8221;center&#8221;][vc_column_text]<em>\u00e1ll\u00f3 sor:<\/em> Bartos Kinga, Bonifert Blanka, Klein Marcell M\u00e1rk, Oltv\u00e1nyi Mira<\/p>\n<p><em>\u00fcl\u0151 sor:<\/em> Moln\u00e1r Tekla, Ant\u00f3s Lilla Katica, Vir\u00e1g Hanna, Balogh Bogl\u00e1rka[\/vc_column_text][vc_single_image image=&#8221;13203&#8243; img_size=&#8221;full&#8221; alignment=&#8221;center&#8221;][vc_column_text]<\/p>\n<p style=\"text-align: justify;\"><em>\u00e1ll\u00f3 sor:<\/em> Erd\u0151s Br\u00fan\u00f3, Iv\u00e1n Boldizs\u00e1r, Pint\u00e9r Zal\u00e1n, Szabados Zolt\u00e1n, Csillag Liza, Kutas Levente, M\u00e9sz\u00e1ros Vivien, M\u00e1rkus Lilla, P\u00e1pai Luca, T\u00f3th Szilvia, Szedm\u00e1k Szabrina, F\u00e9bert Em\u00edlia, Mogyor\u00f3si \u00c1ron, Szab\u00f3 Blanka, Mucsi-Berecz \u00c1d\u00e1m, Sz\u00e1k\u00e1cs Eszter, Bokros Barnab\u00e1s, Sikovanyecz Fanni, Szuh\u00e1nszki Zal\u00e1n, Ill\u00e9s D\u00f3ra<\/p>\n<p style=\"text-align: justify;\"><em>\u00fcl\u0151 sor:<\/em> Pusk\u00e1s Tam\u00e1s, Laurinyecz M\u00e1rk\u00f3, Dinya Gerg\u0151, Szab\u00f3 Vanda, Szarka Violetta, Ill\u00e9s Kinga<\/p>\n<p>[\/vc_column_text][vc_single_image image=&#8221;13204&#8243; img_size=&#8221;full&#8221; alignment=&#8221;center&#8221;][vc_column_text]<\/p>\n<p style=\"text-align: justify;\"><em>\u00e1ll\u00f3 sor:<\/em> Gombos Don\u00e1t, Bokros Barnab\u00e1s, Erd\u0151s Br\u00fan\u00f3, P\u00e1pai Luca, Iv\u00e1n Boldizs\u00e1r, Mogyor\u00f3si \u00c1ron, K\u00f3nya Kopp\u00e1ny, Fejes Benedek, Cs\u0171r\u00f6s \u00c1d\u00e1m, Gombos Dominik, R\u00f3zsa Marcell, Hemmert J\u00e1nos<\/p>\n<p style=\"text-align: justify;\"><em>\u00fcl\u0151 sor:<\/em> Makhult Levente, Sikovanyecz Fanni, Csillag Liza, Nagy Nikolett, M\u00e9sz\u00e1ros Vivien<\/p>\n<p>[\/vc_column_text][vc_single_image image=&#8221;13205&#8243; img_size=&#8221;full&#8221; alignment=&#8221;center&#8221;][vc_column_text]<em>\u00e1ll\u00f3 sor:<\/em> Sz\u00e9k\u00e1cs Eszter, Ill\u00e9s D\u00f3ra, Bokros Barnab\u00e1s, P\u00e1pai Luca<\/p>\n<p><em>\u00fcl\u0151 sor:<\/em> Ill\u00e9s Kinga, Laurinyecz M\u00e1rk\u00f3, M\u00e9sz\u00e1ros Vivien, Lippai Katalin, Strohner N\u00f3ra[\/vc_column_text][vc_single_image image=&#8221;13207&#8243; img_size=&#8221;full&#8221; alignment=&#8221;center&#8221;][vc_column_text]<\/p>\n<p style=\"text-align: justify;\"><em>\u00e1ll\u00f3 sor:<\/em> K\u00f3cs\u00f3 Zal\u00e1n, Pint\u00e9r Hanna, Benczik Gr\u00e9ta, Rucz \u00c1goston, Bed\u0151 Patrik, Horv\u00e1th \u00c1d\u00e1m Benedek, Alexi Gordon, Sasi Gl\u00f3ria, Baranyai Csenge, Tall\u00f3sy Anna, B\u0151v\u00edz D\u00e1niel, Pauk J\u00e1nos, Gy\u00f6mb\u00e9r Keve, Ludman-J\u00e1nv\u00e1ri Hanna, Birt\u00f3k Hanna<\/p>\n<p style=\"text-align: justify;\"><em>\u00fcl\u0151 sor:<\/em> Pap Jerne Zs\u00f3fia, Varga S\u00e1ra, Kov\u00e1cs N\u00f3ra, Juh\u00e1sz Emma, Szabad Emma<\/p>\n<p>[\/vc_column_text][vc_single_image image=&#8221;13208&#8243; img_size=&#8221;full&#8221; alignment=&#8221;center&#8221;][vc_column_text]<\/p>\n<p style=\"text-align: justify;\"><em>\u00e1ll\u00f3 sor:<\/em> Havass Zal\u00e1n, Lauk\u00f3 D\u00e9nes, Martonosi M\u00e1t\u00e9, \u00d3v\u00e1ri Csan\u00e1d, K\u00f6rtv\u00e9lyessy Andr\u00e1s, Leinweber Benedek, Pauk J\u00e1nos, Juh\u00e1sz Botond<\/p>\n<p style=\"text-align: justify;\"><em>\u00fcl\u0151 sor:<\/em> K\u00f3cs\u00f3 Zal\u00e1n, \u00d6tv\u00f6s Laura, Birt\u00f3k Hanna, Hajd\u00fa \u00c9dua, Benczik Gr\u00e9ta<\/p>\n<p>[\/vc_column_text][vc_single_image image=&#8221;13209&#8243; img_size=&#8221;full&#8221; alignment=&#8221;center&#8221;][vc_column_text]<\/p>\n<p style=\"text-align: justify;\"><em>\u00e1ll\u00f3 sor:<\/em> Varga S\u00e1ra, V\u00e9lics Eszter, Juh\u00e1sz Emma, Szabad Emma, Kov\u00e1cs N\u00f3ra, J\u00e9ga-Szab\u00f3 Panni, S\u00e1ndor No\u00e9mi, Pap Jerne Zs\u00f3fia, Tall\u00f3sy Anna, Szil\u00e1gyi Fl\u00f3ra,<br \/>\nP\u00f3da Csenge, Fazekas Bianka, B\u00e1rdos Emma, Sz\u0171cs Bogl\u00e1rka, Bertotto Leonardo, Herczeg Andr\u00e1s, Rucz \u00c1goston, Nagy P\u00e9ter, Bed\u0151 Patrik<\/p>\n<p style=\"text-align: justify;\"><em>\u00fcl\u0151 sor:<\/em> Szab\u00f3 Lenke, Pint\u00e9r Hanna, Lud\u00e1nyi Lili, \u00d6tv\u00f6s Laura, Hajd\u00fa \u00c9dua, Gy\u00f6mb\u00e9r Keve<\/p>\n<p>[\/vc_column_text][vc_single_image image=&#8221;13211&#8243; img_size=&#8221;full&#8221; alignment=&#8221;center&#8221;][vc_column_text]<\/p>\n<p style=\"text-align: justify;\"><em>\u00e1ll\u00f3 sor:<\/em> Heged\u0171s \u00c1gota, J\u00e1ks\u00f3 J\u00e1zmin, Kov\u00e1cs Eszter, V\u00e1rkonyi Laura, Szab\u00f3 Benedek, T\u00f3th P\u00e9ter \u00c1kos, Sztan\u00f3 Bence, Szab\u00f3 Konr\u00e1d, Cziner \u00c1bel, Kov\u00e1cs Norman, Vir\u00e1ghalmi Viktor, H\u00e1zi \u00c1bel, Krist\u00f3f S\u00e1ra, T\u00f6mb\u00f6ly \u00c1ron<\/p>\n<p style=\"text-align: justify;\"><em>\u00fcl\u0151 sor:<\/em> T\u00f6r\u00f6k Eszter, Medov\u00e1rszky Adrienn, Bajk\u00f3 Z\u00f3ra, Gombos Lili, Makai Al\u00edz, Csont Lilla<\/p>\n<p>[\/vc_column_text][vc_single_image image=&#8221;13212&#8243; img_size=&#8221;full&#8221; alignment=&#8221;center&#8221;][vc_column_text]<\/p>\n<p style=\"text-align: justify;\"><em>\u00e1ll\u00f3 sor:<\/em> G\u00e1l Krist\u00f3f, Balt\u00e1s Benedek, Vir\u00e1ghalmi Viktor, Simon Marcell, Cziner \u00c1bel, Buella Attila, Szab\u00f3 Barnab\u00e1s, Sztan\u00f3 Bence, Szab\u00f3 Konr\u00e1d, Dragon Botond, H\u00e1zi \u00c1bel, Sz\u00e9p Levente, T\u00f6mb\u00f6ly \u00c1ron<\/p>\n<p style=\"text-align: justify;\"><em>\u00fcl\u0151 sor:<\/em> G\u00e1csi D\u00f3ra, Kov\u00e1cs K\u00e1mea, Szalma Vir\u00e1g, Szab\u00f3 Emma, Paczuk Liza, Moln\u00e1r Panka<\/p>\n<p style=\"text-align: justify;\">a k\u00e9pr\u0151l hi\u00e1nyzik: V\u00f6r\u00f6s Szonja<\/p>\n<p>[\/vc_column_text][vc_single_image image=&#8221;13213&#8243; img_size=&#8221;full&#8221; alignment=&#8221;center&#8221;][vc_column_text]<\/p>\n<p style=\"text-align: justify;\"><em>\u00e1ll\u00f3 sor:<\/em> Vir\u00e1ghalmi Viktor, V\u00e1rkonyi Laura, Krist\u00f3f S\u00e1ra, Moln\u00e1r Panka, Cziner \u00c1bel, Bacsa B\u00e9la, Sz\u00e9p Levente<\/p>\n<p style=\"text-align: justify;\"><em>\u00fcl\u0151 sor:<\/em> G\u00e1csi D\u00f3ra, Kov\u00e1cs Eszter, Medov\u00e1rszky Adrienn, Makai Al\u00edz, Csont Lilla<\/p>\n<p>[\/vc_column_text][vc_single_image image=&#8221;13215&#8243; img_size=&#8221;full&#8221; alignment=&#8221;center&#8221;][vc_column_text]<\/p>\n<p style=\"text-align: justify;\"><em>\u00e1ll\u00f3 sor:<\/em> Pauk Bor\u00f3ka, Katona Kitti, Szepesszentgy\u00f6rgyi Hanna, B\u00e1l\u00f3 Petra, T\u00f3th Emma<\/p>\n<p style=\"text-align: justify;\"><em>\u00fcl\u0151 sor:<\/em> Birt\u00f3k Emma, T\u00f3th Zal\u00e1n, Gyovai J\u00e1nos, Bog\u00e1thy Andr\u00e1s, J\u00e1ger Gr\u00e9ta<\/p>\n<p style=\"text-align: justify;\">a k\u00e9pr\u0151l hi\u00e1nyzik: Szabad Vendel<\/p>\n<p>[\/vc_column_text][vc_single_image image=&#8221;13216&#8243; img_size=&#8221;full&#8221; alignment=&#8221;center&#8221;][vc_column_text]<\/p>\n<p style=\"text-align: justify;\"><em>\u00e1ll\u00f3 sor:<\/em> Havrincs\u00e1k G\u00e1bor, Leinweber Oliv\u00e9r, M\u00e1dai S\u00e1ndor, Gyovai J\u00e1nos, F\u00fczesy Vanda, N\u00e9meth Dorka, Giricz Lilla, Kov\u00e1cs R\u00e9ka, Bog\u00e1thy Andr\u00e1s, Szojka Marcell, Gell\u00e9rt Sebesty\u00e9n, Sz\u0171ts Szil\u00e1rd, Ny\u00edri M\u00e1rk, Koncz Gy\u00f6rgy, G\u00e1csi Iv\u00e1n<\/p>\n<p style=\"text-align: justify;\"><em>\u00fcl\u0151 sor:<\/em> Szab\u00f3 Jusztina, Birt\u00f3k Emma, Kis Bogl\u00e1rka, Tan\u00e1cs Aliz, Benczik Zolt\u00e1n<\/p>\n<p>[\/vc_column_text][vc_single_image image=&#8221;13217&#8243; img_size=&#8221;full&#8221; alignment=&#8221;center&#8221;][vc_column_text]<\/p>\n<p style=\"text-align: justify;\"><em>\u00e1ll\u00f3 sor:<\/em> V\u00e1gfalvi Marcell, Torma Norbert, T\u00f6r\u00f6k Anna, Munk\u00e1csy M\u00e1rta, Szab\u00f3 Emma, Kov\u00e1cs R\u00e9ka, Benda Nina, Boros Kende, Gell\u00e9rt Sebesty\u00e9n, Kov\u00e1cs Bence, Nagy Benedek, Zolt\u00e1n Mikl\u00f3s, J\u00e1ger Gr\u00e9ta, Pauk Bor\u00f3ka<\/p>\n<p style=\"text-align: justify;\"><em>\u00fcl\u0151 sor:<\/em> Szekeres Petra, Szekeres Amanda, Vid Luca, Antal Kamilla, T\u00f3th Zal\u00e1n<\/p>\n<p>[\/vc_column_text][vc_single_image image=&#8221;13218&#8243; img_size=&#8221;full&#8221; alignment=&#8221;center&#8221;][vc_column_text]<\/p>\n<p style=\"text-align: justify;\"><em>\u00e1ll\u00f3 sor:<\/em> Kothencz Laura, T\u00f6mb\u00f6ly \u00c1bel, Balla Rebeka, Vojn\u00e1r P\u00e9ter, B\u00e9k\u00e9si D\u00f3ra, Vojn\u00e1r D\u00e1niel, Kancs\u00e1r M\u00e1rk, Nemes Dorka, T\u00f3th Laura, B\u00f3di Kamilla, Kis Liza, Nagy L\u00e9na<\/p>\n<p style=\"text-align: justify;\"><em>\u00fcl\u0151 sor:<\/em> Bazs\u00f3 M\u00e1t\u00e9, Domokos \u00c1d\u00e1m, Miczi Borb\u00e1la, Csob\u00e1n Petra, Radics Krisztina<\/p>\n<p>[\/vc_column_text][vc_single_image image=&#8221;13219&#8243; img_size=&#8221;full&#8221; alignment=&#8221;center&#8221;][vc_column_text]<\/p>\n<p style=\"text-align: justify;\"><em>\u00e1ll\u00f3 sor:<\/em> Baksa Panna, Kiss Petra, R\u00e1cz Lilla, Balla Rebeka, B\u00e9k\u00e9si D\u00f3ra, Kis Liza, Nagy L\u00e9na, T\u00f6mb\u00f6ly \u00c1bel, Szab\u00f3 Dominik, Katona Bal\u00e1zs, Szepesi P\u00e9ter<\/p>\n<p style=\"text-align: justify;\"><em>\u00fcl\u0151 sor:<\/em> Moln\u00e1r \u00c1din, Vojn\u00e1r D\u00e1niel, Vojn\u00e1r P\u00e9ter, Bor\u00f3czky Botond, Fekete Gell\u00e9rt<\/p>\n<p style=\"text-align: justify;\">a k\u00e9pr\u0151l hi\u00e1nyzik: K\u00f6rtv\u00e9lyessy Vilmos<\/p>\n<p>[\/vc_column_text][vc_single_image image=&#8221;13220&#8243; img_size=&#8221;full&#8221; alignment=&#8221;center&#8221;][vc_column_text]<\/p>\n<p style=\"text-align: justify;\"><em>\u00e1ll\u00f3 sor:<\/em> Szalay Tamra, Kothencz Laura, B\u00e9k\u00e9si D\u00f3ra, R\u00e1cz Lilla, Nemes Dorka, T\u00f3th Laura, B\u00f3di Kamilla, Kis Liza, Nagy L\u00e9na, Miczi Borb\u00e1la, Boldizs\u00e1r D\u00e1niel<\/p>\n<p style=\"text-align: justify;\"><em>\u00fcl\u0151 sor:<\/em> Bazs\u00f3 M\u00e1t\u00e9, Vojn\u00e1r P\u00e9ter, Mik\u00f3 Vir\u00e1g, Bern\u00e1t S\u00e1ra, Radics Krisztina<\/p>\n<p>[\/vc_column_text][vc_separator style=&#8221;shadow&#8221;][\/vc_column][vc_column width=&#8221;1\/4&#8243; css=&#8221;.vc_custom_1511336434996{background-color: #f4f4f4 !important;}&#8221;][vc_widget_sidebar sidebar_id=&#8221;default&#8221;][\/vc_column][\/vc_row]<\/p>\n","protected":false},"excerpt":{"rendered":"<p>[vc_row][vc_column width=&#8221;3\/4&#8243; css=&#8221;.vc_custom_1511336420303{background-color: #f4ecde !important;}&#8221;][vc_separator style=&#8221;shadow&#8221;][vc_single_image image=&#8221;13192&#8243; img_size=&#8221;full&#8221; alignment=&#8221;center&#8221;][vc_column_text] \u00e1ll\u00f3 sor: Pelle H\u00e9di, Brattke Edg\u00e1r, Juh\u00e1sz N\u00f3ra, Hegyk\u00f6zi Zal\u00e1n, Makai \u00c1kos, F\u00e1bi\u00e1n Barna, R\u00e1k\u00f3czi Bartos, K\u00e1rm\u00e1n Gergely, Lauk\u00f3 Petra, Kotorm\u00e1n Viktor, Horv\u00e1th Vera, Havass Zsigmond, Kom\u00e1romi Lilla Kitti, \u00c1goston \u00c1kos, Pap Merse Barnab\u00e1s, Persaits-P\u00f3sa \u00c1d\u00e1m, Vid\u00e1cs Bori, V\u00e1czi Zs\u00f3fia, Pataki Judit Al\u00edz, Petr\u00f3czi B\u00e1lint, Bir\u00f3 [&hellip;]<\/p>\n","protected":false},"author":2,"featured_media":7040,"comment_status":"closed","ping_status":"closed","sticky":false,"template":"","format":"standard","meta":{"footnotes":""},"categories":[1],"tags":[],"class_list":["post-13190","post","type-post","status-publish","format-standard","has-post-thumbnail","hentry","category-hirek"],"_links":{"self":[{"href":"https:\/\/www.tiszaparti.hu\/index.php\/wp-json\/wp\/v2\/posts\/13190","targetHints":{"allow":["GET"]}}],"collection":[{"href":"https:\/\/www.tiszaparti.hu\/index.php\/wp-json\/wp\/v2\/posts"}],"about":[{"href":"https:\/\/www.tiszaparti.hu\/index.php\/wp-json\/wp\/v2\/types\/post"}],"author":[{"embeddable":true,"href":"https:\/\/www.tiszaparti.hu\/index.php\/wp-json\/wp\/v2\/users\/2"}],"replies":[{"embeddable":true,"href":"https:\/\/www.tiszaparti.hu\/index.php\/wp-json\/wp\/v2\/comments?post=13190"}],"version-history":[{"count":0,"href":"https:\/\/www.tiszaparti.hu\/index.php\/wp-json\/wp\/v2\/posts\/13190\/revisions"}],"wp:featuredmedia":[{"embeddable":true,"href":"https:\/\/www.tiszaparti.hu\/index.php\/wp-json\/wp\/v2\/media\/7040"}],"wp:attachment":[{"href":"https:\/\/www.tiszaparti.hu\/index.php\/wp-json\/wp\/v2\/media?parent=13190"}],"wp:term":[{"taxonomy":"category","embeddable":true,"href":"https:\/\/www.tiszaparti.hu\/index.php\/wp-json\/wp\/v2\/categories?post=13190"},{"taxonomy":"post_tag","embeddable":true,"href":"https:\/\/www.tiszaparti.hu\/index.php\/wp-json\/wp\/v2\/tags?post=13190"}],"curies":[{"name":"wp","href":"https:\/\/api.w.org\/{rel}","templated":true}]}}