{"id":13551,"date":"2019-10-01T06:27:41","date_gmt":"2019-10-01T06:27:41","guid":{"rendered":"http:\/\/www.tiszaparti.hu\/?p=13551"},"modified":"2019-10-01T06:32:46","modified_gmt":"2019-10-01T06:32:46","slug":"sportrepeta2019","status":"publish","type":"post","link":"https:\/\/www.tiszaparti.hu\/index.php\/2019\/10\/01\/sportrepeta2019\/","title":{"rendered":"Sportrepeta"},"content":{"rendered":"<p>[vc_row][vc_column width=&#8221;3\/4&#8243; css=&#8221;.vc_custom_1511336420303{background-color: #f4ecde !important;}&#8221;][vc_separator style=&#8221;shadow&#8221;][vc_column_text]<\/p>\n<p style=\"text-align: justify;\">Szeptember 27-\u00e9n d\u00e9lut\u00e1n, a Sportrepeta rendezv\u00e9nyen az als\u00f3s gyerekek zen\u00e9vel, t\u00e1nccal kezdt\u00e9k az \u00fcgyess\u00e9gi feladatsort. L\u00e1that\u00f3an \u00f6r\u00f6mmel \u00e9s f\u00e1radhatatlanul r\u00f3tt\u00e1k a k\u00f6r\u00f6ket. A gyakorlatsorban labdavezet\u00e9s, koordin\u00e1ci\u00f3s sz\u00f6kdel\u00e9s, g\u00e1tfut\u00e1s, mocs\u00e1rj\u00e1r\u00e1s szerepelt. Vid\u00e1man telt ez a d\u00e9lut\u00e1n is.<\/p>\n<p style=\"text-align: justify;\"><em>Feleki \u00c1gnes<\/em><\/p>\n<p>[\/vc_column_text][vc_gallery type=&#8221;slick_slider&#8221; images=&#8221;13553,13554,13555,13556,13557&#8243;][vc_separator style=&#8221;shadow&#8221;][\/vc_column][vc_column width=&#8221;1\/4&#8243; css=&#8221;.vc_custom_1511336434996{background-color: #f4f4f4 !important;}&#8221;][vc_widget_sidebar sidebar_id=&#8221;default&#8221;][\/vc_column][\/vc_row]<\/p>\n","protected":false},"excerpt":{"rendered":"<p>[vc_row][vc_column width=&#8221;3\/4&#8243; css=&#8221;.vc_custom_1511336420303{background-color: #f4ecde !important;}&#8221;][vc_separator style=&#8221;shadow&#8221;][vc_column_text] Szeptember 27-\u00e9n d\u00e9lut\u00e1n, a Sportrepeta rendezv\u00e9nyen az als\u00f3s gyerekek zen\u00e9vel, t\u00e1nccal kezdt\u00e9k az \u00fcgyess\u00e9gi feladatsort. L\u00e1that\u00f3an \u00f6r\u00f6mmel \u00e9s f\u00e1radhatatlanul r\u00f3tt\u00e1k a k\u00f6r\u00f6ket. A gyakorlatsorban labdavezet\u00e9s, koordin\u00e1ci\u00f3s sz\u00f6kdel\u00e9s, g\u00e1tfut\u00e1s, mocs\u00e1rj\u00e1r\u00e1s szerepelt. Vid\u00e1man telt ez a d\u00e9lut\u00e1n is. Feleki \u00c1gnes [\/vc_column_text][vc_gallery type=&#8221;slick_slider&#8221; images=&#8221;13553,13554,13555,13556,13557&#8243;][vc_separator style=&#8221;shadow&#8221;][\/vc_column][vc_column width=&#8221;1\/4&#8243; css=&#8221;.vc_custom_1511336434996{background-color: #f4f4f4 !important;}&#8221;][vc_widget_sidebar sidebar_id=&#8221;default&#8221;][\/vc_column][\/vc_row]<\/p>\n","protected":false},"author":2,"featured_media":13558,"comment_status":"closed","ping_status":"closed","sticky":false,"template":"","format":"standard","meta":{"footnotes":""},"categories":[1],"tags":[],"class_list":["post-13551","post","type-post","status-publish","format-standard","has-post-thumbnail","hentry","category-hirek"],"_links":{"self":[{"href":"https:\/\/www.tiszaparti.hu\/index.php\/wp-json\/wp\/v2\/posts\/13551","targetHints":{"allow":["GET"]}}],"collection":[{"href":"https:\/\/www.tiszaparti.hu\/index.php\/wp-json\/wp\/v2\/posts"}],"about":[{"href":"https:\/\/www.tiszaparti.hu\/index.php\/wp-json\/wp\/v2\/types\/post"}],"author":[{"embeddable":true,"href":"https:\/\/www.tiszaparti.hu\/index.php\/wp-json\/wp\/v2\/users\/2"}],"replies":[{"embeddable":true,"href":"https:\/\/www.tiszaparti.hu\/index.php\/wp-json\/wp\/v2\/comments?post=13551"}],"version-history":[{"count":0,"href":"https:\/\/www.tiszaparti.hu\/index.php\/wp-json\/wp\/v2\/posts\/13551\/revisions"}],"wp:featuredmedia":[{"embeddable":true,"href":"https:\/\/www.tiszaparti.hu\/index.php\/wp-json\/wp\/v2\/media\/13558"}],"wp:attachment":[{"href":"https:\/\/www.tiszaparti.hu\/index.php\/wp-json\/wp\/v2\/media?parent=13551"}],"wp:term":[{"taxonomy":"category","embeddable":true,"href":"https:\/\/www.tiszaparti.hu\/index.php\/wp-json\/wp\/v2\/categories?post=13551"},{"taxonomy":"post_tag","embeddable":true,"href":"https:\/\/www.tiszaparti.hu\/index.php\/wp-json\/wp\/v2\/tags?post=13551"}],"curies":[{"name":"wp","href":"https:\/\/api.w.org\/{rel}","templated":true}]}}