{"id":13561,"date":"2019-10-01T08:56:34","date_gmt":"2019-10-01T08:56:34","guid":{"rendered":"http:\/\/www.tiszaparti.hu\/?p=13561"},"modified":"2019-10-01T09:07:13","modified_gmt":"2019-10-01T09:07:13","slug":"miniolimpia2019","status":"publish","type":"post","link":"https:\/\/www.tiszaparti.hu\/index.php\/2019\/10\/01\/miniolimpia2019\/","title":{"rendered":"Miniolimpia"},"content":{"rendered":"<p>[vc_row][vc_column width=&#8221;3\/4&#8243; css=&#8221;.vc_custom_1511336420303{background-color: #f4ecde !important;}&#8221;][vc_separator style=&#8221;shadow&#8221;][vc_column_text]<\/p>\n<p style=\"text-align: justify;\">2019. szeptember 27-\u00e9n ker\u00fclt megrendez\u00e9sre az imm\u00e1ron hagyom\u00e1nyos Miniolimpia az als\u00f3 tagozatosoknak. Reggel f\u00e9l 9-kor indult a csapat az UTC-p\u00e1ly\u00e1ra. A 4. oszt\u00e1lyosok vezet\u00e9s\u00e9vel mindenki bemeleg\u00edtette az izmait. Az els\u0151s\u00f6k \u00e9s a m\u00e1sodikosok a kisebb p\u00e1ly\u00e1ra meneteltek. Elkezd\u0151d\u00f6tt a verseng\u00e9s. Az els\u0151 megm\u00e9rettet\u00e9s a r\u00f6vid- \u00e9s hossz\u00fa t\u00e1v\u00fa fut\u00e1s volt. Ezt k\u00f6vette a helyb\u0151l t\u00e1volugr\u00e1s \u00e9s a kislabdadob\u00e1s. A csod\u00e1san s\u00fct\u0151 napocska a versenysz\u00e1mok ut\u00e1n \u00f6nfeledt j\u00e1t\u00e9kra, fociz\u00e1sra h\u00edvogatta a gyerekeket. Nagyon j\u00f3l telt a d\u00e9lel\u0151tt.<\/p>\n<p style=\"text-align: justify;\"><em>Sztupovszkin\u00e9 Nagy Gizella, tan\u00edt\u00f3<\/em><\/p>\n<p>[\/vc_column_text][vc_gallery type=&#8221;slick_slider&#8221; images=&#8221;13563,13564,13565,13566,13567,13568,13569,13570,13571,13572,13573,13574,13575,13576,13577,13578&#8243;][vc_separator style=&#8221;shadow&#8221;][\/vc_column][vc_column width=&#8221;1\/4&#8243; css=&#8221;.vc_custom_1511336434996{background-color: #f4f4f4 !important;}&#8221;][vc_widget_sidebar sidebar_id=&#8221;default&#8221;][\/vc_column][\/vc_row]<\/p>\n","protected":false},"excerpt":{"rendered":"<p>[vc_row][vc_column width=&#8221;3\/4&#8243; css=&#8221;.vc_custom_1511336420303{background-color: #f4ecde !important;}&#8221;][vc_separator style=&#8221;shadow&#8221;][vc_column_text] 2019. szeptember 27-\u00e9n ker\u00fclt megrendez\u00e9sre az imm\u00e1ron hagyom\u00e1nyos Miniolimpia az als\u00f3 tagozatosoknak. Reggel f\u00e9l 9-kor indult a csapat az UTC-p\u00e1ly\u00e1ra. A 4. oszt\u00e1lyosok vezet\u00e9s\u00e9vel mindenki bemeleg\u00edtette az izmait. Az els\u0151s\u00f6k \u00e9s a m\u00e1sodikosok a kisebb p\u00e1ly\u00e1ra meneteltek. Elkezd\u0151d\u00f6tt a verseng\u00e9s. Az els\u0151 megm\u00e9rettet\u00e9s a r\u00f6vid- \u00e9s hossz\u00fa t\u00e1v\u00fa fut\u00e1s [&hellip;]<\/p>\n","protected":false},"author":2,"featured_media":13571,"comment_status":"closed","ping_status":"closed","sticky":false,"template":"","format":"standard","meta":{"footnotes":""},"categories":[1],"tags":[],"class_list":["post-13561","post","type-post","status-publish","format-standard","has-post-thumbnail","hentry","category-hirek"],"_links":{"self":[{"href":"https:\/\/www.tiszaparti.hu\/index.php\/wp-json\/wp\/v2\/posts\/13561","targetHints":{"allow":["GET"]}}],"collection":[{"href":"https:\/\/www.tiszaparti.hu\/index.php\/wp-json\/wp\/v2\/posts"}],"about":[{"href":"https:\/\/www.tiszaparti.hu\/index.php\/wp-json\/wp\/v2\/types\/post"}],"author":[{"embeddable":true,"href":"https:\/\/www.tiszaparti.hu\/index.php\/wp-json\/wp\/v2\/users\/2"}],"replies":[{"embeddable":true,"href":"https:\/\/www.tiszaparti.hu\/index.php\/wp-json\/wp\/v2\/comments?post=13561"}],"version-history":[{"count":0,"href":"https:\/\/www.tiszaparti.hu\/index.php\/wp-json\/wp\/v2\/posts\/13561\/revisions"}],"wp:featuredmedia":[{"embeddable":true,"href":"https:\/\/www.tiszaparti.hu\/index.php\/wp-json\/wp\/v2\/media\/13571"}],"wp:attachment":[{"href":"https:\/\/www.tiszaparti.hu\/index.php\/wp-json\/wp\/v2\/media?parent=13561"}],"wp:term":[{"taxonomy":"category","embeddable":true,"href":"https:\/\/www.tiszaparti.hu\/index.php\/wp-json\/wp\/v2\/categories?post=13561"},{"taxonomy":"post_tag","embeddable":true,"href":"https:\/\/www.tiszaparti.hu\/index.php\/wp-json\/wp\/v2\/tags?post=13561"}],"curies":[{"name":"wp","href":"https:\/\/api.w.org\/{rel}","templated":true}]}}