{"id":13675,"date":"2019-10-07T07:07:08","date_gmt":"2019-10-07T07:07:08","guid":{"rendered":"http:\/\/www.tiszaparti.hu\/?p=13675"},"modified":"2019-10-07T10:13:38","modified_gmt":"2019-10-07T10:13:38","slug":"zenevilagnapja2019","status":"publish","type":"post","link":"https:\/\/www.tiszaparti.hu\/index.php\/2019\/10\/07\/zenevilagnapja2019\/","title":{"rendered":"Zene vil\u00e1gnapja"},"content":{"rendered":"<p>[vc_row][vc_column width=&#8221;3\/4&#8243; css=&#8221;.vc_custom_1511336420303{background-color: #f4ecde !important;}&#8221;][vc_separator style=&#8221;shadow&#8221;][vc_column_text]<\/p>\n<p style=\"text-align: justify;\"><strong><em>\u201eA zene az, melynek seg\u00edts\u00e9g\u00e9vel hat\u00e1st gyakorolhatunk az emberi l\u00e9lekre; egy fontos eszk\u00f6z, amely seg\u00edt nek\u00fcnk a l\u00e9lekkel kommunik\u00e1lni.\u201d \/Shoghi Effendi\/<\/em><\/strong><\/p>\n<p style=\"text-align: justify;\">Okt\u00f3ber 1-je a zene vil\u00e1gnapja. Ebb\u0151l a k\u00fcl\u00f6nleges alkalomb\u00f3l n\u00e9h\u00e1ny Tisza-partis di\u00e1k lelkes \u00e9s sz\u00edvmelenget\u0151 el\u0151ad\u00e1s\u00e1ban ism\u00e9t muzsikasz\u00f3 fogadta az \u00e9rkez\u0151ket az iskola aul\u00e1j\u00e1ban.<br \/>\n(Forrai Kamilla, Horv\u00e1th Benedek, Horp\u00e1csy Hanna Baranyai Csenge, \u00c1d\u00e1m Luca, Pusk\u00e1s Tam\u00e1s\u2014FUVOLA; K\u00f6vecs Ren\u00e1ta\u2014HEGED\u0170; K\u00f3cs\u00f3 Zal\u00e1n&#8211;FURULYA; Szijj\u00e1rt\u00f3 Csan\u00e1d \u00e9s Petr\u00f3czi P\u00e9ter\u2014ZONGORA; Mucsi-Berecz \u00c1d\u00e1m\u2014TROMBITA)<br \/>\nA k\u00f6z\u00f6s \u00e9lm\u00e9ny, melyben a sz\u00fcl\u0151k, tan\u00e1rok, di\u00e1kt\u00e1rsak osztozhattak a zen\u00e9szekkel meghitt pillanatokat teremtett.<\/p>\n<p style=\"text-align: justify;\">A sokf\u00e9le zene ezernyi sz\u00ednben van jelen \u00e9let\u00fcnkben. A nap folyam\u00e1n a sz\u00fcnetekben, az iskolar\u00e1di\u00f3ban k\u00fcl\u00f6nb\u00f6z\u0151 st\u00edlus\u00fa zen\u00e9k csend\u00fcltek fel, klasszikus, jazz, rock, valamint n\u00e9pszer\u0171 mai dalok. A zene most is \u201emindenki\u00e9\u201d volt.<\/p>\n<p style=\"text-align: justify;\"><em>Petr\u00f3czin\u00e9 M\u00e9sz\u00e1ros Erzs\u00e9bet<\/em><\/p>\n<p>[\/vc_column_text][vc_gallery type=&#8221;slick_slider&#8221; images=&#8221;13676,13677,13678,13679,13680,13681,13684,13685,13686,13687,13688,13689,13690,13691,13692,13693,13694,13695,13696&#8243;][vc_separator style=&#8221;shadow&#8221;][\/vc_column][vc_column width=&#8221;1\/4&#8243; css=&#8221;.vc_custom_1511336434996{background-color: #f4f4f4 !important;}&#8221;][vc_widget_sidebar sidebar_id=&#8221;default&#8221;][\/vc_column][\/vc_row]<\/p>\n","protected":false},"excerpt":{"rendered":"<p>[vc_row][vc_column width=&#8221;3\/4&#8243; css=&#8221;.vc_custom_1511336420303{background-color: #f4ecde !important;}&#8221;][vc_separator style=&#8221;shadow&#8221;][vc_column_text] \u201eA zene az, melynek seg\u00edts\u00e9g\u00e9vel hat\u00e1st gyakorolhatunk az emberi l\u00e9lekre; egy fontos eszk\u00f6z, amely seg\u00edt nek\u00fcnk a l\u00e9lekkel kommunik\u00e1lni.\u201d \/Shoghi Effendi\/ Okt\u00f3ber 1-je a zene vil\u00e1gnapja. Ebb\u0151l a k\u00fcl\u00f6nleges alkalomb\u00f3l n\u00e9h\u00e1ny Tisza-partis di\u00e1k lelkes \u00e9s sz\u00edvmelenget\u0151 el\u0151ad\u00e1s\u00e1ban ism\u00e9t muzsikasz\u00f3 fogadta az \u00e9rkez\u0151ket az iskola aul\u00e1j\u00e1ban. (Forrai Kamilla, Horv\u00e1th Benedek, [&hellip;]<\/p>\n","protected":false},"author":2,"featured_media":13677,"comment_status":"closed","ping_status":"closed","sticky":false,"template":"","format":"standard","meta":{"footnotes":""},"categories":[1],"tags":[],"class_list":["post-13675","post","type-post","status-publish","format-standard","has-post-thumbnail","hentry","category-hirek"],"_links":{"self":[{"href":"https:\/\/www.tiszaparti.hu\/index.php\/wp-json\/wp\/v2\/posts\/13675","targetHints":{"allow":["GET"]}}],"collection":[{"href":"https:\/\/www.tiszaparti.hu\/index.php\/wp-json\/wp\/v2\/posts"}],"about":[{"href":"https:\/\/www.tiszaparti.hu\/index.php\/wp-json\/wp\/v2\/types\/post"}],"author":[{"embeddable":true,"href":"https:\/\/www.tiszaparti.hu\/index.php\/wp-json\/wp\/v2\/users\/2"}],"replies":[{"embeddable":true,"href":"https:\/\/www.tiszaparti.hu\/index.php\/wp-json\/wp\/v2\/comments?post=13675"}],"version-history":[{"count":0,"href":"https:\/\/www.tiszaparti.hu\/index.php\/wp-json\/wp\/v2\/posts\/13675\/revisions"}],"wp:featuredmedia":[{"embeddable":true,"href":"https:\/\/www.tiszaparti.hu\/index.php\/wp-json\/wp\/v2\/media\/13677"}],"wp:attachment":[{"href":"https:\/\/www.tiszaparti.hu\/index.php\/wp-json\/wp\/v2\/media?parent=13675"}],"wp:term":[{"taxonomy":"category","embeddable":true,"href":"https:\/\/www.tiszaparti.hu\/index.php\/wp-json\/wp\/v2\/categories?post=13675"},{"taxonomy":"post_tag","embeddable":true,"href":"https:\/\/www.tiszaparti.hu\/index.php\/wp-json\/wp\/v2\/tags?post=13675"}],"curies":[{"name":"wp","href":"https:\/\/api.w.org\/{rel}","templated":true}]}}