{"id":13820,"date":"2019-11-04T09:05:50","date_gmt":"2019-11-04T09:05:50","guid":{"rendered":"http:\/\/www.tiszaparti.hu\/?p=13820"},"modified":"2019-11-12T07:30:35","modified_gmt":"2019-11-12T07:30:35","slug":"megemlekezes1956forradalom","status":"publish","type":"post","link":"https:\/\/www.tiszaparti.hu\/index.php\/2019\/11\/04\/megemlekezes1956forradalom\/","title":{"rendered":"Megeml\u00e9kez\u00e9s az 1956-os forradalom \u00e9s szabads\u00e1gharcr\u00f3l"},"content":{"rendered":"<p>[vc_row][vc_column width=&#8221;3\/4&#8243; css=&#8221;.vc_custom_1511336420303{background-color: #f4ecde !important;}&#8221;][vc_separator style=&#8221;shadow&#8221;][vc_column_text]<\/p>\n<p style=\"text-align: justify;\"><strong>Okt\u00f3ber 22-\u00e9n<\/strong> a negyedik \u00f3ra ut\u00e1n tartottuk iskol\u00e1nkban a megeml\u00e9kez\u00e9st az 1956-os forradalom \u00e9s szabads\u00e1gharcr\u00f3l. A szok\u00e1snak megfelel\u0151en a Himnusszal kezdt\u00fck a k\u00f6z\u00f6s programot a tornateremben.<\/p>\n<p style=\"text-align: justify;\">A m\u0171sor gerinc\u00e9t a korabeli visszaeml\u00e9kez\u00e9sek adt\u00e1k. A ki\u00e9rlelt dramaturgia eredeti hangfelv\u00e9telekkel \u00e9s k\u00e9panyaggal kieg\u00e9sz\u00edtve hozta k\u00f6zelebb hozz\u00e1nk az okt\u00f3ber 23-\u00e1t\u00f3l november 4-ig tart\u00f3 esem\u00e9nyek legfontosabb mozzanatait. M\u00e1r a gy\u00f6ny\u00f6r\u0171 dekor\u00e1ci\u00f3 \u00e9s a m\u0171sor kezdet\u00e9n elhangz\u00f3 dal, valamint a szabads\u00e1gharcr\u00f3l k\u00e9sz\u00fclt fot\u00f3k l\u00e1tt\u00e1n \u00fagy \u00e9rezt\u00fck, hogy r\u00e9szesei vagyunk a 63 \u00e9vvel ezel\u0151tti esem\u00e9nyeknek. Az \u00fcnnepi m\u0171sor \u2013 a l\u00e1tv\u00e1nyon t\u00fal \u2013 nagyon j\u00f3l \u00f6sszefoglalta a szabads\u00e1gharc menet\u00e9t, \u00e9s a kisebb gyerekek sz\u00e1m\u00e1ra is \u00e9rthet\u0151v\u00e9 tette a megt\u00f6rt\u00e9nt esem\u00e9nyeket \u00e9s azok jelent\u0151s\u00e9g\u00e9t. Nagyon sokr\u00e9t\u0171 el\u0151ad\u00e1st l\u00e1thattunk, melyben volt: zene, \u00e9nek, t\u00e1nc, mozg\u00e1s, vers \u00e9s jelenet egyar\u00e1nt.<\/p>\n<p style=\"text-align: justify;\">K\u00f6sz\u00f6netet mondunk a l\u00e1tv\u00e1nyos \u00e9s egyben meghat\u00f3 m\u0171sor\u00e9rt:<\/p>\n<p style=\"text-align: justify;\">\u2013 a 8.a, a 8.b \u00e9s a 8.c oszt\u00e1ly tanul\u00f3inak,<br \/>\n\u2013 Terhesn\u00e9 Rozik Edit \u00e9s Cegl\u00e9di Anna tan\u00e1rn\u0151nek, valamint Mik\u00f3 Val\u00e9r tan\u00e1r \u00farnak, akik a m\u0171sort \u00f6ssze\u00e1ll\u00edtott\u00e1k,<br \/>\n\u2013 Sipos Roz\u00e1lia Zsuzsanna tan\u00e1rn\u0151nek a dekor\u00e1ci\u00f3ban ny\u00fajtott seg\u00edts\u00e9g\u00e9rt,<br \/>\n\u2013 Petr\u00f3czin\u00e9 M\u00e9sz\u00e1ros Erzs\u00e9bet tan\u00e1rn\u0151nek, aki az \u00e9nek betan\u00edt\u00e1s\u00e1ban seg\u00edtette a m\u0171sor l\u00e9trej\u00f6tt\u00e9t,<\/p>\n<p style=\"text-align: justify;\">valamint Veszelovszki Bal\u00e1zs rendszergazd\u00e1nak \u00e9s az iskola technikai dolgoz\u00f3inak a hang- \u00e9s a sz\u00ednpadi l\u00e1tv\u00e1ny \u00f6ssze\u00e1ll\u00edt\u00e1s\u00e1\u00e9rt.<\/p>\n<p style=\"text-align: justify;\"><em>Terhesn\u00e9 Rozik Edit <\/em><br \/>\n<em>Cegl\u00e9di Anna<\/em><br \/>\n<em>Petr\u00f3czin\u00e9 M\u00e9sz\u00e1ros Erzs\u00e9bet <\/em><br \/>\n<em>Mik\u00f3 Val\u00e9r<\/em><\/p>\n<p>[\/vc_column_text][vc_gallery type=&#8221;slick_slider&#8221; images=&#8221;13821,13838,13837,13836,13835,13834,13833,13832,13831,13830,13829,13828,13827,13826,13825,13824,13823,13822,13839,13840,13841,13842,13843,13844,13845,13846,13847&#8243;][vc_separator style=&#8221;shadow&#8221;][\/vc_column][vc_column width=&#8221;1\/4&#8243; css=&#8221;.vc_custom_1511336434996{background-color: #f4f4f4 !important;}&#8221;][vc_widget_sidebar sidebar_id=&#8221;default&#8221;][\/vc_column][\/vc_row]<\/p>\n","protected":false},"excerpt":{"rendered":"<p>[vc_row][vc_column width=&#8221;3\/4&#8243; css=&#8221;.vc_custom_1511336420303{background-color: #f4ecde !important;}&#8221;][vc_separator style=&#8221;shadow&#8221;][vc_column_text] Okt\u00f3ber 22-\u00e9n a negyedik \u00f3ra ut\u00e1n tartottuk iskol\u00e1nkban a megeml\u00e9kez\u00e9st az 1956-os forradalom \u00e9s szabads\u00e1gharcr\u00f3l. A szok\u00e1snak megfelel\u0151en a Himnusszal kezdt\u00fck a k\u00f6z\u00f6s programot a tornateremben. A m\u0171sor gerinc\u00e9t a korabeli visszaeml\u00e9kez\u00e9sek adt\u00e1k. A ki\u00e9rlelt dramaturgia eredeti hangfelv\u00e9telekkel \u00e9s k\u00e9panyaggal kieg\u00e9sz\u00edtve hozta k\u00f6zelebb hozz\u00e1nk az okt\u00f3ber 23-\u00e1t\u00f3l november 4-ig [&hellip;]<\/p>\n","protected":false},"author":2,"featured_media":13825,"comment_status":"closed","ping_status":"closed","sticky":false,"template":"","format":"standard","meta":{"footnotes":""},"categories":[1],"tags":[],"class_list":["post-13820","post","type-post","status-publish","format-standard","has-post-thumbnail","hentry","category-hirek"],"_links":{"self":[{"href":"https:\/\/www.tiszaparti.hu\/index.php\/wp-json\/wp\/v2\/posts\/13820","targetHints":{"allow":["GET"]}}],"collection":[{"href":"https:\/\/www.tiszaparti.hu\/index.php\/wp-json\/wp\/v2\/posts"}],"about":[{"href":"https:\/\/www.tiszaparti.hu\/index.php\/wp-json\/wp\/v2\/types\/post"}],"author":[{"embeddable":true,"href":"https:\/\/www.tiszaparti.hu\/index.php\/wp-json\/wp\/v2\/users\/2"}],"replies":[{"embeddable":true,"href":"https:\/\/www.tiszaparti.hu\/index.php\/wp-json\/wp\/v2\/comments?post=13820"}],"version-history":[{"count":0,"href":"https:\/\/www.tiszaparti.hu\/index.php\/wp-json\/wp\/v2\/posts\/13820\/revisions"}],"wp:featuredmedia":[{"embeddable":true,"href":"https:\/\/www.tiszaparti.hu\/index.php\/wp-json\/wp\/v2\/media\/13825"}],"wp:attachment":[{"href":"https:\/\/www.tiszaparti.hu\/index.php\/wp-json\/wp\/v2\/media?parent=13820"}],"wp:term":[{"taxonomy":"category","embeddable":true,"href":"https:\/\/www.tiszaparti.hu\/index.php\/wp-json\/wp\/v2\/categories?post=13820"},{"taxonomy":"post_tag","embeddable":true,"href":"https:\/\/www.tiszaparti.hu\/index.php\/wp-json\/wp\/v2\/tags?post=13820"}],"curies":[{"name":"wp","href":"https:\/\/api.w.org\/{rel}","templated":true}]}}