{"id":14247,"date":"2020-01-08T07:59:42","date_gmt":"2020-01-08T07:59:42","guid":{"rendered":"http:\/\/www.tiszaparti.hu\/?p=14247"},"modified":"2025-03-27T10:00:35","modified_gmt":"2025-03-27T09:00:35","slug":"karacsonyimusorunk","status":"publish","type":"post","link":"https:\/\/www.tiszaparti.hu\/index.php\/2020\/01\/08\/karacsonyimusorunk\/","title":{"rendered":"Kar\u00e1csonyi m\u0171sorunk"},"content":{"rendered":"<p>[vc_row][vc_column width=&#8221;3\/4&#8243; css=&#8221;.vc_custom_1511336420303{background-color: #f4ecde !important;}&#8221;][vc_separator style=&#8221;shadow&#8221;][vc_column_text]<\/p>\n<p style=\"text-align: justify;\">A Tisza-parti \u00c1ltal\u00e1nos Iskola als\u00f3 tagozata 2019. december 19-\u00e9n rendezte meg kar\u00e1csonyi m\u0171sor\u00e1t az adventi v\u00e1rakoz\u00e1s jegy\u00e9ben. A 16.30-kor kezd\u0151d\u0151 el\u0151ad\u00e1sra nagy szeretettel v\u00e1rtuk a kedves sz\u00fcl\u0151ket, hozz\u00e1tartoz\u00f3kat. A meghitt \u00fcnnepi alkalmon t\u00f6bb mint 180 izgatott kisgyermek ny\u00fajtotta \u00e1t jelk\u00e9pes aj\u00e1nd\u00e9k\u00e1t t\u00e1ncban, \u00e9nekben, versben, zen\u00e9ben.<\/p>\n<p style=\"text-align: justify;\">A havas t\u00e9li t\u00e1jat \u00e9s az adventi napt\u00e1rt jelk\u00e9pez\u0151 24 ablakos dekor\u00e1ci\u00f3 emelte az est hangulat\u00e1t .<\/p>\n<p style=\"text-align: justify;\">Az \u00fcnnepi v\u00e1rakoz\u00e1st megid\u00e9zve ny\u00fajtottunk \u00e1t a 24 m\u0171sorsz\u00e1mb\u00f3l \u00e1ll\u00f3, meghitt el\u0151ad\u00e1st, melyet hatalmas tapssal jutalmazott a h\u00e1l\u00e1s k\u00f6z\u00f6ns\u00e9g.<\/p>\n<p><em>Dr. Pappn\u00e9 G\u00e1l Anna<\/em>[\/vc_column_text][vc_column_text]<a href=\"https:\/\/drive.google.com\/drive\/folders\/18vCMq7wYFvqD9_4OzMwBIWAkFq3GySYd?usp=sharing\" target=\"_blank\" rel=\"noopener\">K\u00c9P GAL\u00c9RIA<\/a>[\/vc_column_text][vc_separator style=&#8221;shadow&#8221;][\/vc_column][vc_column width=&#8221;1\/4&#8243; css=&#8221;.vc_custom_1511336434996{background-color: #f4f4f4 !important;}&#8221;][vc_widget_sidebar sidebar_id=&#8221;default&#8221;][\/vc_column][\/vc_row]<\/p>\n","protected":false},"excerpt":{"rendered":"<p>[vc_row][vc_column width=&#8221;3\/4&#8243; css=&#8221;.vc_custom_1511336420303{background-color: #f4ecde !important;}&#8221;][vc_separator style=&#8221;shadow&#8221;][vc_column_text] A Tisza-parti \u00c1ltal\u00e1nos Iskola als\u00f3 tagozata 2019. december 19-\u00e9n rendezte meg kar\u00e1csonyi m\u0171sor\u00e1t az adventi v\u00e1rakoz\u00e1s jegy\u00e9ben. A 16.30-kor kezd\u0151d\u0151 el\u0151ad\u00e1sra nagy szeretettel v\u00e1rtuk a kedves sz\u00fcl\u0151ket, hozz\u00e1tartoz\u00f3kat. A meghitt \u00fcnnepi alkalmon t\u00f6bb mint 180 izgatott kisgyermek ny\u00fajtotta \u00e1t jelk\u00e9pes aj\u00e1nd\u00e9k\u00e1t t\u00e1ncban, \u00e9nekben, versben, zen\u00e9ben. A havas t\u00e9li t\u00e1jat [&hellip;]<\/p>\n","protected":false},"author":2,"featured_media":0,"comment_status":"closed","ping_status":"closed","sticky":false,"template":"","format":"standard","meta":{"footnotes":""},"categories":[1],"tags":[],"class_list":["post-14247","post","type-post","status-publish","format-standard","hentry","category-hirek"],"_links":{"self":[{"href":"https:\/\/www.tiszaparti.hu\/index.php\/wp-json\/wp\/v2\/posts\/14247","targetHints":{"allow":["GET"]}}],"collection":[{"href":"https:\/\/www.tiszaparti.hu\/index.php\/wp-json\/wp\/v2\/posts"}],"about":[{"href":"https:\/\/www.tiszaparti.hu\/index.php\/wp-json\/wp\/v2\/types\/post"}],"author":[{"embeddable":true,"href":"https:\/\/www.tiszaparti.hu\/index.php\/wp-json\/wp\/v2\/users\/2"}],"replies":[{"embeddable":true,"href":"https:\/\/www.tiszaparti.hu\/index.php\/wp-json\/wp\/v2\/comments?post=14247"}],"version-history":[{"count":2,"href":"https:\/\/www.tiszaparti.hu\/index.php\/wp-json\/wp\/v2\/posts\/14247\/revisions"}],"predecessor-version":[{"id":24493,"href":"https:\/\/www.tiszaparti.hu\/index.php\/wp-json\/wp\/v2\/posts\/14247\/revisions\/24493"}],"wp:attachment":[{"href":"https:\/\/www.tiszaparti.hu\/index.php\/wp-json\/wp\/v2\/media?parent=14247"}],"wp:term":[{"taxonomy":"category","embeddable":true,"href":"https:\/\/www.tiszaparti.hu\/index.php\/wp-json\/wp\/v2\/categories?post=14247"},{"taxonomy":"post_tag","embeddable":true,"href":"https:\/\/www.tiszaparti.hu\/index.php\/wp-json\/wp\/v2\/tags?post=14247"}],"curies":[{"name":"wp","href":"https:\/\/api.w.org\/{rel}","templated":true}]}}