{"id":15560,"date":"2021-02-22T09:52:48","date_gmt":"2021-02-22T09:52:48","guid":{"rendered":"http:\/\/www.tiszaparti.hu\/?p=15560"},"modified":"2021-03-18T07:27:44","modified_gmt":"2021-03-18T07:27:44","slug":"tiszaelovilagemleknapja","status":"publish","type":"post","link":"https:\/\/www.tiszaparti.hu\/index.php\/2021\/02\/22\/tiszaelovilagemleknapja\/","title":{"rendered":"A Tisza \u00c9l\u0151vil\u00e1g\u00e1nak Eml\u00e9knapja"},"content":{"rendered":"<p>[vc_row][vc_column width=&#8221;3\/4&#8243; css=&#8221;.vc_custom_1511336420303{background-color: #f4ecde !important;}&#8221;][vc_separator style=&#8221;shadow&#8221;][vc_column_text]<\/p>\n<p style=\"text-align: justify;\">\u00d6kol\u00f3giai katasztr\u00f3f\u00e1t el\u0151id\u00e9z\u0151 esem\u00e9nyek l\u00e1ncolata kezd\u0151d\u00f6tt meg 21 \u00e9vvel ezel\u0151tt, janu\u00e1r 30-\u00e1n este Rom\u00e1ni\u00e1ban, amikor \u00e1tszakadt egy b\u00e1ny\u00e1szati c\u00e9g cianidos zagyt\u00e1roz\u00f3j\u00e1nak t\u00f6lt\u00e9se, \u00e9s az ott felhalmozott sz\u00e1zezer k\u00f6bm\u00e9ternyi m\u00e9rgez\u0151 elegy t\u00f6bb v\u00edzfoly\u00e1son kereszt\u00fcl a Tisz\u00e1ba jutott.<br \/>\nA soha nem tapasztalt l\u00e9pt\u00e9k\u0171 szennyez\u00e9s febru\u00e1r 1-j\u00e9n \u00e9rt haz\u00e1nk ter\u00fclet\u00e9re, majd levonulva a foly\u00f3n megtizedelte annak \u00e9l\u0151vil\u00e1g\u00e1t.<br \/>\nA cianidszennyez\u00e9s okozta s\u00falyos \u00f6kol\u00f3giai sebek m\u00e1ig sem gy\u00f3gyultak be t\u00f6k\u00e9letesen, azonban a katasztr\u00f3f\u00e1t k\u00f6vet\u0151 \u00e9vekben a term\u00e9szet leny\u0171g\u00f6z\u0151 meg\u00fajul\u00e1si k\u00e9pess\u00e9g\u00e9r\u0151l szerez hettek bizonys\u00e1got a sz\u0151ke foly\u00f3 ment\u00e9n \u00e9l\u0151k.<\/p>\n<p style=\"text-align: justify;\">Iskol\u00e1nk di\u00e1kjai febru\u00e1r 1-je \u00e9s 5-e k\u00f6z\u00f6tt a Tisza \u00e9l\u0151vil\u00e1g\u00e1val kapcsolatos tan\u00f3r\u00e1kon \u00e9s foglalkoz\u00e1sokon vettek r\u00e9szt. A fels\u0151 tagozatos tanul\u00f3k t\u00f6bbek k\u00f6z\u00f6tt plak\u00e1tokat, prezent\u00e1ci\u00f3kat k\u00e9sz\u00edtettek. A v\u00edzzel k\u00eds\u00e9rleteket v\u00e9geztek, megtanult\u00e1k a v\u00edz \u00e9lettani jelent\u0151s\u00e9g\u00e9t is. Testnevel\u00e9s\u00f3r\u00e1n a h\u00f3kacs\u00e1z\u00e1s \u00e9s a halfog\u00f3cska j\u00e1t\u00e9kok sz\u00ednes\u00edtett\u00e9k a h\u00e9t programjait. Fizika\u00f3r\u00e1n a v\u00edz ereje ker\u00fclt k\u00f6z\u00e9ppontba, m\u00edg hon- \u00e9s n\u00e9pismeretb\u0151l a mocsarak vil\u00e1g\u00e1t ismerhett\u00e9k meg a tanul\u00f3k. Technika\u00f3r\u00e1n v\u00edzi madarakat hajtogattak, \u00e9nek\u00f3r\u00e1n k\u00f6z\u00f6s daltanul\u00e1ssal \u00e9s \u00e9nekl\u00e9ssel eml\u00e9keztek meg a di\u00e1kok a szomor\u00fa esem\u00e9nyr\u0151l.<br \/>\nAz als\u00f3 tagozatos di\u00e1kok k\u00f6z\u00fcl a 3-4. oszt\u00e1lyosok a Szegedi V\u00edzm\u0171 \u00e1ltal \u00f6ssze\u00e1ll\u00edtott anyagot dolgozt\u00e1k fel, az 1-2. oszt\u00e1lyosok pedig a tan\u00f3r\u00e1k anyag\u00e1ba sz\u0151tt\u00e9k a t\u00e9m\u00e1t, majd a falitabl\u00f3n ki\u00e1ll\u00edtott\u00e1k az elk\u00e9sz\u00fclt munk\u00e1kat.<\/p>\n<p style=\"text-align: justify;\"><em>Szab\u00f3 Zsuzsanna<\/em><br \/>\n<em>biol\u00f3gia-k\u00e9mia szakos tan\u00e1r<\/em><\/p>\n<p>[\/vc_column_text][vc_column_text]<iframe loading=\"lazy\"  style=\"display: block; margin: 0px auto;\"  id=\"_ytid_78705\"  width=\"1280\" height=\"720\"  data-origwidth=\"1280\" data-origheight=\"720\" src=\"https:\/\/www.youtube.com\/embed\/z8iYkI68tBA?enablejsapi=1&autoplay=0&cc_load_policy=1&cc_lang_pref=hu&iv_load_policy=1&loop=0&rel=1&fs=1&playsinline=0&autohide=2&theme=dark&color=red&controls=1&disablekb=0&\" class=\"__youtube_prefs__  no-lazyload\" title=\"YouTube player\"  allow=\"fullscreen; accelerometer; autoplay; clipboard-write; encrypted-media; gyroscope; picture-in-picture; web-share\" referrerpolicy=\"strict-origin-when-cross-origin\" allowfullscreen data-no-lazy=\"1\" data-skipgform_ajax_framebjll=\"\"><\/iframe>[\/vc_column_text][vc_separator style=&#8221;shadow&#8221;][\/vc_column][vc_column width=&#8221;1\/4&#8243; css=&#8221;.vc_custom_1511336434996{background-color: #f4f4f4 !important;}&#8221;][vc_widget_sidebar sidebar_id=&#8221;default&#8221;][\/vc_column][\/vc_row][vc_row][vc_column][\/vc_column][\/vc_row]<\/p>\n","protected":false},"excerpt":{"rendered":"<p>[vc_row][vc_column width=&#8221;3\/4&#8243; css=&#8221;.vc_custom_1511336420303{background-color: #f4ecde !important;}&#8221;][vc_separator style=&#8221;shadow&#8221;][vc_column_text] \u00d6kol\u00f3giai katasztr\u00f3f\u00e1t el\u0151id\u00e9z\u0151 esem\u00e9nyek l\u00e1ncolata kezd\u0151d\u00f6tt meg 21 \u00e9vvel ezel\u0151tt, janu\u00e1r 30-\u00e1n este Rom\u00e1ni\u00e1ban, amikor \u00e1tszakadt egy b\u00e1ny\u00e1szati c\u00e9g cianidos zagyt\u00e1roz\u00f3j\u00e1nak t\u00f6lt\u00e9se, \u00e9s az ott felhalmozott sz\u00e1zezer k\u00f6bm\u00e9ternyi m\u00e9rgez\u0151 elegy t\u00f6bb v\u00edzfoly\u00e1son kereszt\u00fcl a Tisz\u00e1ba jutott. A soha nem tapasztalt l\u00e9pt\u00e9k\u0171 szennyez\u00e9s febru\u00e1r 1-j\u00e9n \u00e9rt haz\u00e1nk ter\u00fclet\u00e9re, majd levonulva [&hellip;]<\/p>\n","protected":false},"author":2,"featured_media":14482,"comment_status":"closed","ping_status":"closed","sticky":false,"template":"","format":"standard","meta":{"footnotes":""},"categories":[1],"tags":[],"class_list":["post-15560","post","type-post","status-publish","format-standard","has-post-thumbnail","hentry","category-hirek"],"_links":{"self":[{"href":"https:\/\/www.tiszaparti.hu\/index.php\/wp-json\/wp\/v2\/posts\/15560","targetHints":{"allow":["GET"]}}],"collection":[{"href":"https:\/\/www.tiszaparti.hu\/index.php\/wp-json\/wp\/v2\/posts"}],"about":[{"href":"https:\/\/www.tiszaparti.hu\/index.php\/wp-json\/wp\/v2\/types\/post"}],"author":[{"embeddable":true,"href":"https:\/\/www.tiszaparti.hu\/index.php\/wp-json\/wp\/v2\/users\/2"}],"replies":[{"embeddable":true,"href":"https:\/\/www.tiszaparti.hu\/index.php\/wp-json\/wp\/v2\/comments?post=15560"}],"version-history":[{"count":0,"href":"https:\/\/www.tiszaparti.hu\/index.php\/wp-json\/wp\/v2\/posts\/15560\/revisions"}],"wp:featuredmedia":[{"embeddable":true,"href":"https:\/\/www.tiszaparti.hu\/index.php\/wp-json\/wp\/v2\/media\/14482"}],"wp:attachment":[{"href":"https:\/\/www.tiszaparti.hu\/index.php\/wp-json\/wp\/v2\/media?parent=15560"}],"wp:term":[{"taxonomy":"category","embeddable":true,"href":"https:\/\/www.tiszaparti.hu\/index.php\/wp-json\/wp\/v2\/categories?post=15560"},{"taxonomy":"post_tag","embeddable":true,"href":"https:\/\/www.tiszaparti.hu\/index.php\/wp-json\/wp\/v2\/tags?post=15560"}],"curies":[{"name":"wp","href":"https:\/\/api.w.org\/{rel}","templated":true}]}}