{"id":15677,"date":"2021-03-17T10:09:03","date_gmt":"2021-03-17T10:09:03","guid":{"rendered":"http:\/\/www.tiszaparti.hu\/?p=15677"},"modified":"2021-03-18T07:25:13","modified_gmt":"2021-03-18T07:25:13","slug":"marcius15imusor","status":"publish","type":"post","link":"https:\/\/www.tiszaparti.hu\/index.php\/2021\/03\/17\/marcius15imusor\/","title":{"rendered":"M\u00e1rcius 15-i \u00fcnnepi m\u0171sor"},"content":{"rendered":"<p>[vc_row][vc_column width=&#8221;3\/4&#8243; css=&#8221;.vc_custom_1511336420303{background-color: #f4ecde !important;}&#8221;][vc_separator style=&#8221;shadow&#8221;][vc_column_text]<\/p>\n<p style=\"text-align: justify;\">Ebben a tan\u00e9vben a v\u00e9szhelyzetnek megfelel\u0151en online oszt\u00e1lyf\u0151n\u00f6ki \u00f3r\u00e1k keret\u00e9ben eml\u00e9kezt\u00fcnk meg t\u00e1volr\u00f3l, de m\u00e9gis egy\u00fctt az 1848. m\u00e1rcius 15-i dics\u0151s\u00e9ges napokra.<br \/>\nIskol\u00e1nkban ez volt az els\u0151 olyan m\u00e1rcius 15-e, melyet nem lehetett az elm\u00falt \u00e9vek hagyom\u00e1nyai szerint \u00fcnnepelni. A hetedik \u00e9vfolyamos tanul\u00f3k el\u0151re felvett <a href=\"https:\/\/www.youtube.com\/watch?v=cNYA7hZ-CfA\" target=\"_blank\" rel=\"noopener\">\u00fcnnepi m\u0171sora<\/a> seg\u00edts\u00e9g\u00e9vel azonban ebben a neh\u00e9z helyzetben sem maradt el a k\u00f6z\u00f6s megeml\u00e9kez\u00e9s.<br \/>\nB\u00fcszk\u00e9k vagyunk erre a napra, mert az \u00f6sszetartoz\u00e1sr\u00f3l, a tenni akar\u00e1sr\u00f3l, a k\u00fczdelemr\u0151l sz\u00f3l, amely er\u00e9nyek ebben a mindannyiunk sz\u00e1m\u00e1ra er\u0151t pr\u00f3b\u00e1l\u00f3 helyzetben is fontos, aktu\u00e1lis \u00e9rt\u00e9kek.<\/p>\n<p style=\"text-align: justify;\"><em>Schaller Gy\u00f6rgyi<\/em><br \/>\n<em>int\u00e9zm\u00e9nyvezet\u0151<\/em><\/p>\n<p>[\/vc_column_text][vc_separator style=&#8221;shadow&#8221;][\/vc_column][vc_column width=&#8221;1\/4&#8243; css=&#8221;.vc_custom_1511336434996{background-color: #f4f4f4 !important;}&#8221;][vc_widget_sidebar sidebar_id=&#8221;default&#8221;][\/vc_column][\/vc_row][vc_row][vc_column][\/vc_column][\/vc_row]<\/p>\n","protected":false},"excerpt":{"rendered":"<p>[vc_row][vc_column width=&#8221;3\/4&#8243; css=&#8221;.vc_custom_1511336420303{background-color: #f4ecde !important;}&#8221;][vc_separator style=&#8221;shadow&#8221;][vc_column_text] Ebben a tan\u00e9vben a v\u00e9szhelyzetnek megfelel\u0151en online oszt\u00e1lyf\u0151n\u00f6ki \u00f3r\u00e1k keret\u00e9ben eml\u00e9kezt\u00fcnk meg t\u00e1volr\u00f3l, de m\u00e9gis egy\u00fctt az 1848. m\u00e1rcius 15-i dics\u0151s\u00e9ges napokra. Iskol\u00e1nkban ez volt az els\u0151 olyan m\u00e1rcius 15-e, melyet nem lehetett az elm\u00falt \u00e9vek hagyom\u00e1nyai szerint \u00fcnnepelni. A hetedik \u00e9vfolyamos tanul\u00f3k el\u0151re felvett \u00fcnnepi m\u0171sora seg\u00edts\u00e9g\u00e9vel azonban [&hellip;]<\/p>\n","protected":false},"author":2,"featured_media":9056,"comment_status":"closed","ping_status":"closed","sticky":false,"template":"","format":"standard","meta":{"footnotes":""},"categories":[1],"tags":[],"class_list":["post-15677","post","type-post","status-publish","format-standard","has-post-thumbnail","hentry","category-hirek"],"_links":{"self":[{"href":"https:\/\/www.tiszaparti.hu\/index.php\/wp-json\/wp\/v2\/posts\/15677","targetHints":{"allow":["GET"]}}],"collection":[{"href":"https:\/\/www.tiszaparti.hu\/index.php\/wp-json\/wp\/v2\/posts"}],"about":[{"href":"https:\/\/www.tiszaparti.hu\/index.php\/wp-json\/wp\/v2\/types\/post"}],"author":[{"embeddable":true,"href":"https:\/\/www.tiszaparti.hu\/index.php\/wp-json\/wp\/v2\/users\/2"}],"replies":[{"embeddable":true,"href":"https:\/\/www.tiszaparti.hu\/index.php\/wp-json\/wp\/v2\/comments?post=15677"}],"version-history":[{"count":0,"href":"https:\/\/www.tiszaparti.hu\/index.php\/wp-json\/wp\/v2\/posts\/15677\/revisions"}],"wp:featuredmedia":[{"embeddable":true,"href":"https:\/\/www.tiszaparti.hu\/index.php\/wp-json\/wp\/v2\/media\/9056"}],"wp:attachment":[{"href":"https:\/\/www.tiszaparti.hu\/index.php\/wp-json\/wp\/v2\/media?parent=15677"}],"wp:term":[{"taxonomy":"category","embeddable":true,"href":"https:\/\/www.tiszaparti.hu\/index.php\/wp-json\/wp\/v2\/categories?post=15677"},{"taxonomy":"post_tag","embeddable":true,"href":"https:\/\/www.tiszaparti.hu\/index.php\/wp-json\/wp\/v2\/tags?post=15677"}],"curies":[{"name":"wp","href":"https:\/\/api.w.org\/{rel}","templated":true}]}}