{"id":15926,"date":"2021-04-29T12:25:21","date_gmt":"2021-04-29T12:25:21","guid":{"rendered":"http:\/\/www.tiszaparti.hu\/?p=15926"},"modified":"2021-04-29T12:25:21","modified_gmt":"2021-04-29T12:25:21","slug":"digitalistemahetkiadvany","status":"publish","type":"post","link":"https:\/\/www.tiszaparti.hu\/index.php\/2021\/04\/29\/digitalistemahetkiadvany\/","title":{"rendered":"Digit\u00e1lis t\u00e9mah\u00e9t &#8211; Digit\u00e1lis kiadv\u00e1nyunk"},"content":{"rendered":"<p>[vc_row][vc_column width=&#8221;3\/4&#8243; css=&#8221;.vc_custom_1511336420303{background-color: #f4ecde !important;}&#8221;][vc_separator style=&#8221;shadow&#8221;][vc_single_image image=&#8221;15916&#8243; img_size=&#8221;large&#8221; alignment=&#8221;center&#8221; onclick=&#8221;link_image&#8221;][vc_column_text]<\/p>\n<p style=\"text-align: justify;\">A Tisza-parti \u00c1ltal\u00e1nos Iskola m\u00e1sodik alkalommal vett r\u00e9szt a Digit\u00e1lis T\u00e9mah\u00e9ten. Int\u00e9zm\u00e9nyi szinten els\u0151 alkalommal ny\u00fajtunk be p\u00e1ly\u00e1zatot. Febru\u00e1r \u00f3ta a 4. \u00e9vfolyamt\u00f3l eg\u00e9szen a 8. oszt\u00e1lyig bevontuk a gyerekeket a t\u00e9mah\u00e9t programjaiba.<\/p>\n<p style=\"text-align: justify;\">T\u00f6bb tov\u00e1bbk\u00e9pz\u00e9sen, gyakorlati webin\u00e1riumon saj\u00e1t\u00edtottuk el azokat az alkalmaz\u00e1sokat, amelyeket a digit\u00e1lis j\u00f3 gyakorlatokban \u00e9s a t\u00e1voktat\u00e1s sor\u00e1n is haszn\u00e1lni tudtunk.<\/p>\n<ul style=\"text-align: justify;\">\n<li>A 4. \u00e9vfolyamon a digit\u00e1lis sz\u00f6veg\u00e9rt\u00e9s \u00e9s kult\u00fara fejleszt\u00e9s\u00e9re ir\u00e1nyul\u00f3 \u00f3r\u00e1kat tartottunk.<\/li>\n<\/ul>\n<ul style=\"text-align: justify;\">\n<li>Az 5.b oszt\u00e1ly a ThingLink programmal ismerkedett meg a Pet\u0151fi Irodalmi M\u00fazeum p\u00e1ly\u00e1zat\u00e1n.<\/li>\n<\/ul>\n<ul style=\"text-align: justify;\">\n<li>A fels\u0151 tagozat Janikovszky \u00c9va szegedi csal\u00e1dt\u00f6rt\u00e9net\u00e9t \u00e9s a Napl\u00f3m (1938-44) c\u00edm\u0171 k\u00f6nyv\u00e9t dolgozta fel digit\u00e1lis kiadv\u00e1ny form\u00e1j\u00e1ban.<\/li>\n<\/ul>\n<p style=\"text-align: justify;\">Digit\u00e1lis kiadv\u00e1nyunk \u00f6ssze\u00e1ll\u00edt\u00e1s\u00e1ban szeretn\u00e9k k\u00f6sz\u00f6netet mondani a fels\u0151 tagozat oszt\u00e1lyainak \u00e9s a munk\u00e1ban k\u00f6zrem\u0171k\u00f6d\u0151 koll\u00e9g\u00e1knak!<\/p>\n<p><em>Cegl\u00e9di Anna<\/em><br \/>\n<em>digit\u00e1lis t\u00e9mah\u00e9t vezet\u0151je<\/em>[\/vc_column_text][vc_raw_html]JTNDaWZyYW1lJTIwc3JjJTNEJTIyaHR0cHMlM0ElMkYlMkZjZG4uZmxpcHNuYWNrLmNvbSUyRndpZGdldCUyRnYyJTJGd2lkZ2V0Lmh0bWwlM0ZoYXNoJTNEZGg4Z25jZGU0NyUyMiUyMHdpZHRoJTNEJTIyMTAwJTI1JTIyJTIwaGVpZ2h0JTNEJTIyNjAwJTIyJTIwc2VhbWxlc3MlM0QlMjJzZWFtbGVzcyUyMiUyMHNjcm9sbGluZyUzRCUyMm5vJTIyJTIwZnJhbWVCb3JkZXIlM0QlMjIwJTIyJTIwYWxsb3dGdWxsU2NyZWVuJTNFJTNDJTJGaWZyYW1lJTNF[\/vc_raw_html][vc_separator style=&#8221;shadow&#8221;][\/vc_column][vc_column width=&#8221;1\/4&#8243; css=&#8221;.vc_custom_1511336434996{background-color: #f4f4f4 !important;}&#8221;][vc_widget_sidebar sidebar_id=&#8221;default&#8221;][\/vc_column][\/vc_row]<\/p>\n","protected":false},"excerpt":{"rendered":"<p>[vc_row][vc_column width=&#8221;3\/4&#8243; css=&#8221;.vc_custom_1511336420303{background-color: #f4ecde !important;}&#8221;][vc_separator style=&#8221;shadow&#8221;][vc_single_image image=&#8221;15916&#8243; img_size=&#8221;large&#8221; alignment=&#8221;center&#8221; onclick=&#8221;link_image&#8221;][vc_column_text] A Tisza-parti \u00c1ltal\u00e1nos Iskola m\u00e1sodik alkalommal vett r\u00e9szt a Digit\u00e1lis T\u00e9mah\u00e9ten. Int\u00e9zm\u00e9nyi szinten els\u0151 alkalommal ny\u00fajtunk be p\u00e1ly\u00e1zatot. Febru\u00e1r \u00f3ta a 4. \u00e9vfolyamt\u00f3l eg\u00e9szen a 8. oszt\u00e1lyig bevontuk a gyerekeket a t\u00e9mah\u00e9t programjaiba. T\u00f6bb tov\u00e1bbk\u00e9pz\u00e9sen, gyakorlati webin\u00e1riumon saj\u00e1t\u00edtottuk el azokat az alkalmaz\u00e1sokat, amelyeket a digit\u00e1lis [&hellip;]<\/p>\n","protected":false},"author":2,"featured_media":15933,"comment_status":"closed","ping_status":"closed","sticky":false,"template":"","format":"standard","meta":{"footnotes":""},"categories":[1],"tags":[],"class_list":["post-15926","post","type-post","status-publish","format-standard","has-post-thumbnail","hentry","category-hirek"],"_links":{"self":[{"href":"https:\/\/www.tiszaparti.hu\/index.php\/wp-json\/wp\/v2\/posts\/15926","targetHints":{"allow":["GET"]}}],"collection":[{"href":"https:\/\/www.tiszaparti.hu\/index.php\/wp-json\/wp\/v2\/posts"}],"about":[{"href":"https:\/\/www.tiszaparti.hu\/index.php\/wp-json\/wp\/v2\/types\/post"}],"author":[{"embeddable":true,"href":"https:\/\/www.tiszaparti.hu\/index.php\/wp-json\/wp\/v2\/users\/2"}],"replies":[{"embeddable":true,"href":"https:\/\/www.tiszaparti.hu\/index.php\/wp-json\/wp\/v2\/comments?post=15926"}],"version-history":[{"count":0,"href":"https:\/\/www.tiszaparti.hu\/index.php\/wp-json\/wp\/v2\/posts\/15926\/revisions"}],"wp:featuredmedia":[{"embeddable":true,"href":"https:\/\/www.tiszaparti.hu\/index.php\/wp-json\/wp\/v2\/media\/15933"}],"wp:attachment":[{"href":"https:\/\/www.tiszaparti.hu\/index.php\/wp-json\/wp\/v2\/media?parent=15926"}],"wp:term":[{"taxonomy":"category","embeddable":true,"href":"https:\/\/www.tiszaparti.hu\/index.php\/wp-json\/wp\/v2\/categories?post=15926"},{"taxonomy":"post_tag","embeddable":true,"href":"https:\/\/www.tiszaparti.hu\/index.php\/wp-json\/wp\/v2\/tags?post=15926"}],"curies":[{"name":"wp","href":"https:\/\/api.w.org\/{rel}","templated":true}]}}