{"id":15996,"date":"2021-05-25T11:25:36","date_gmt":"2021-05-25T11:25:36","guid":{"rendered":"http:\/\/www.tiszaparti.hu\/?p=15996"},"modified":"2021-05-26T10:27:28","modified_gmt":"2021-05-26T10:27:28","slug":"egeszseghet2021","status":"publish","type":"post","link":"https:\/\/www.tiszaparti.hu\/index.php\/2021\/05\/25\/egeszseghet2021\/","title":{"rendered":"Eg\u00e9szs\u00e9gh\u00e9t 2021."},"content":{"rendered":"<p>[vc_row][vc_column width=&#8221;3\/4&#8243; css=&#8221;.vc_custom_1511336420303{background-color: #f4ecde !important;}&#8221;][vc_separator style=&#8221;shadow&#8221;][vc_column_text]<\/p>\n<p style=\"text-align: justify;\">Az \u201eEg\u00e9szs\u00e9g\u00fcnkre\u201d programot ebben a tan\u00e9vben tan\u00f3rai keretek k\u00f6z\u00f6tt tartottuk meg, a j\u00e1rv\u00e1ny\u00fcgyi elj\u00e1r\u00e1srendnek megfelel\u0151en.<\/p>\n<p style=\"text-align: justify;\">Az eg\u00e9szs\u00e9gnevel\u00e9s munkacsoport az id\u00e9n az eg\u00e9sz tan\u00e9vet \u00e1t\u00edvel\u0151en a v\u00edz jelent\u0151s\u00e9g\u00e9t, \u00e9let\u00fcnkre gyakorolt hat\u00e1sait vizsg\u00e1lja. Fontos, hogy a tanul\u00f3k tiszt\u00e1ban legyenek az \u00e9des v\u00edz jelent\u0151s\u00e9g\u00e9vel, a v\u00edzk\u00e9szleteink meg\u00f3v\u00e1s\u00e1val, a v\u00edzzel kapcsolatos k\u00f6rnyezetv\u00e9delmi feladatainkkal.<\/p>\n<p style=\"text-align: justify;\">A projekth\u00e9ten nagy hangs\u00falyt kapott az eg\u00e9szs\u00e9gmeg\u0151rz\u00e9s \u00e9s az \u00fajrahasznos\u00edt\u00e1s t\u00e9m\u00e1ja is.<\/p>\n<p style=\"text-align: justify;\">Az als\u00f3 tagozatos oszt\u00e1lyok az oszt\u00e1lyteremben elhelyezt\u00e9k az \u00e1ltaluk k\u00e9sz\u00edtett, az eg\u00e9szs\u00e9ges t\u00e1pl\u00e1lkoz\u00e1sra felh\u00edv\u00f3 plak\u00e1tjaikat.<\/p>\n<p style=\"text-align: justify;\">A projekth\u00e9t z\u00e1r\u00f3napjak\u00e9nt a di\u00e1kok vitaminban \u00e9s rostban gazdag \u00e9teleket \u00e9s italokat hoztak, amelyeket az iskolai \u00e9tkez\u00e9sek sor\u00e1n fogyasztottak el.<\/p>\n<p style=\"text-align: justify;\">A testi eg\u00e9szs\u00e9g mellett oly fontos lelki eg\u00e9szs\u00e9ggel kapcsolatos interakt\u00edv foglalkoz\u00e1sok sz\u00e9les\u00edtett\u00e9k tanul\u00f3ink ismereteit.<\/p>\n<p style=\"text-align: justify;\">A h\u00e9t programjaiban term\u00e9szetesen a mozg\u00e1sos j\u00e1t\u00e9koknak \u00e9s a sportnak is fontos szerepe volt mindannyiunk \u00f6r\u00f6m\u00e9re.<\/p>\n<p style=\"text-align: justify;\">A fels\u0151 tagozatos di\u00e1kok megismerkedtek a fogyaszt\u00f3v\u00e9delmi alapfogalmakkal, \u00e9rdekes feladatokat oldottak meg k\u00fcl\u00f6nb\u00f6z\u0151, ezzel kapcsolatos t\u00e9m\u00e1kban. Az internetbiztons\u00e1ggal kapcsolatban online el\u0151ad\u00e1st hallgattak a digit\u00e1lis f\u00fcgg\u0151s\u00e9gekr\u0151l, \u00e9s feldolgozt\u00e1k a cyberbullying t\u00e9mak\u00f6r\u00e9t is. Az 5.-es \u00e9s 6.-os tanul\u00f3ink \u00a0a tantermi foglalkoz\u00e1sokon k\u00edv\u00fcl az iskolakert sz\u00e9p\u00edt\u00e9s\u00e9ben, tavaszi munk\u00e1lataiban, talajmegmunk\u00e1l\u00e1sban, dugv\u00e1nyoz\u00e1sban, vetem\u00e9nyez\u00e9sben \u00e9s pal\u00e1nt\u00e1z\u00e1sban seg\u00e9dkeztek. Testnevel\u00e9s\u00f3r\u00e1kon a sporthigi\u00e9ni\u00e1\u00e9 volt a f\u0151szerep.<\/p>\n<p style=\"text-align: justify;\">Az \u00e9lm\u00e9nyekben gazdag h\u00e9t programjaival igyekezt\u00fcnk felh\u00edvni tan\u00edtv\u00e1nyaink figyelm\u00e9t az eg\u00e9szs\u00e9ges \u00e9letm\u00f3d, a k\u00f6rnyezetv\u00e9delem fontoss\u00e1g\u00e1ra, \u00e9s \u00f6szt\u00f6n\u00f6zni a helyes t\u00e1pl\u00e1lkoz\u00e1sra, mozg\u00e1sra.<\/p>\n<p>[\/vc_column_text][vc_gallery type=&#8221;slick_slider&#8221; images=&#8221;15997,15998,15999,16000,16001,16002,16003,16004&#8243;][vc_separator style=&#8221;shadow&#8221;][\/vc_column][vc_column width=&#8221;1\/4&#8243; css=&#8221;.vc_custom_1511336434996{background-color: #f4f4f4 !important;}&#8221;][vc_widget_sidebar sidebar_id=&#8221;default&#8221;][\/vc_column][\/vc_row][vc_row][vc_column][\/vc_column][\/vc_row]<\/p>\n","protected":false},"excerpt":{"rendered":"<p>[vc_row][vc_column width=&#8221;3\/4&#8243; css=&#8221;.vc_custom_1511336420303{background-color: #f4ecde !important;}&#8221;][vc_separator style=&#8221;shadow&#8221;][vc_column_text] Az \u201eEg\u00e9szs\u00e9g\u00fcnkre\u201d programot ebben a tan\u00e9vben tan\u00f3rai keretek k\u00f6z\u00f6tt tartottuk meg, a j\u00e1rv\u00e1ny\u00fcgyi elj\u00e1r\u00e1srendnek megfelel\u0151en. Az eg\u00e9szs\u00e9gnevel\u00e9s munkacsoport az id\u00e9n az eg\u00e9sz tan\u00e9vet \u00e1t\u00edvel\u0151en a v\u00edz jelent\u0151s\u00e9g\u00e9t, \u00e9let\u00fcnkre gyakorolt hat\u00e1sait vizsg\u00e1lja. Fontos, hogy a tanul\u00f3k tiszt\u00e1ban legyenek az \u00e9des v\u00edz jelent\u0151s\u00e9g\u00e9vel, a v\u00edzk\u00e9szleteink meg\u00f3v\u00e1s\u00e1val, a v\u00edzzel kapcsolatos k\u00f6rnyezetv\u00e9delmi feladatainkkal. [&hellip;]<\/p>\n","protected":false},"author":2,"featured_media":15999,"comment_status":"closed","ping_status":"closed","sticky":false,"template":"","format":"standard","meta":{"footnotes":""},"categories":[1],"tags":[],"class_list":["post-15996","post","type-post","status-publish","format-standard","has-post-thumbnail","hentry","category-hirek"],"_links":{"self":[{"href":"https:\/\/www.tiszaparti.hu\/index.php\/wp-json\/wp\/v2\/posts\/15996","targetHints":{"allow":["GET"]}}],"collection":[{"href":"https:\/\/www.tiszaparti.hu\/index.php\/wp-json\/wp\/v2\/posts"}],"about":[{"href":"https:\/\/www.tiszaparti.hu\/index.php\/wp-json\/wp\/v2\/types\/post"}],"author":[{"embeddable":true,"href":"https:\/\/www.tiszaparti.hu\/index.php\/wp-json\/wp\/v2\/users\/2"}],"replies":[{"embeddable":true,"href":"https:\/\/www.tiszaparti.hu\/index.php\/wp-json\/wp\/v2\/comments?post=15996"}],"version-history":[{"count":0,"href":"https:\/\/www.tiszaparti.hu\/index.php\/wp-json\/wp\/v2\/posts\/15996\/revisions"}],"wp:featuredmedia":[{"embeddable":true,"href":"https:\/\/www.tiszaparti.hu\/index.php\/wp-json\/wp\/v2\/media\/15999"}],"wp:attachment":[{"href":"https:\/\/www.tiszaparti.hu\/index.php\/wp-json\/wp\/v2\/media?parent=15996"}],"wp:term":[{"taxonomy":"category","embeddable":true,"href":"https:\/\/www.tiszaparti.hu\/index.php\/wp-json\/wp\/v2\/categories?post=15996"},{"taxonomy":"post_tag","embeddable":true,"href":"https:\/\/www.tiszaparti.hu\/index.php\/wp-json\/wp\/v2\/tags?post=15996"}],"curies":[{"name":"wp","href":"https:\/\/api.w.org\/{rel}","templated":true}]}}