{"id":16085,"date":"2021-06-10T06:38:56","date_gmt":"2021-06-10T06:38:56","guid":{"rendered":"http:\/\/www.tiszaparti.hu\/?p=16085"},"modified":"2021-06-11T06:16:34","modified_gmt":"2021-06-11T06:16:34","slug":"rajzszakkorkiallitas","status":"publish","type":"post","link":"https:\/\/www.tiszaparti.hu\/index.php\/2021\/06\/10\/rajzszakkorkiallitas\/","title":{"rendered":"Az alkot\u00e1s \u00f6r\u00f6me &#8211; online rajzki\u00e1ll\u00edt\u00e1s"},"content":{"rendered":"<p>[vc_row][vc_column width=&#8221;3\/4&#8243; css=&#8221;.vc_custom_1511336420303{background-color: #f4ecde !important;}&#8221;][vc_separator style=&#8221;shadow&#8221;][vc_column_text]<\/p>\n<p style=\"text-align: justify;\">A Tisza-parti \u00c1ltal\u00e1nos iskol\u00e1ban minden \u00e9vben tan\u00e9vz\u00e1r\u00f3 rajzki\u00e1ll\u00edt\u00e1st szoktunk rendezni int\u00e9zm\u00e9ny\u00fcnk aul\u00e1j\u00e1ban. A tan\u00e9v sor\u00e1n az iskola folyos\u00f3it rendszeresen meg\u00fajul\u00f3, sz\u00ednes k\u00e9pek d\u00edsz\u00edtik, amelyeket tehets\u00e9ges tanul\u00f3ink k\u00e9sz\u00edtenek vizu\u00e1lis kult\u00fara \u00f3r\u00e1kon \u00e9s rajzszakk\u00f6r\u00f6n. Sajnos tavaly \u00e9s id\u00e9n is a koronav\u00edrus-j\u00e1rv\u00e1ny okozta vesz\u00e9lyhelyzet nem tette lehet\u0151v\u00e9, hogy az int\u00e9zm\u00e9nybe j\u00e1r\u00f3 di\u00e1kjainkon \u00e9s az itt tan\u00edt\u00f3 tan\u00e1rokon k\u00edv\u00fcl m\u00e1s is megtekinthesse a ki\u00e1ll\u00edtott alkot\u00e1sokat. \u00cdgy most egy online ki\u00e1ll\u00edt\u00e1s keret\u00e9ben ker\u00edt\u00fcnk erre sort.<\/p>\n<p style=\"text-align: justify;\">A tan\u00e9v sor\u00e1n sz\u00e1mos t\u00e9mak\u00f6rt j\u00e1rtunk k\u00f6r\u00fcl (m\u0171v\u00e9szett\u00f6rt\u00e9neti korszakok, tanulm\u00e1nyrajzok, perspektivikus \u00e1br\u00e1zol\u00e1s, mozg\u00f3k\u00e9pi ismeretek, stb\u2026), valamint a szakk\u00f6r\u00f6n m\u00e1s egy\u00e9b, kreat\u00edv jelleg\u0171 feladatokat is k\u00e9sz\u00edtett\u00fcnk.<\/p>\n<p style=\"text-align: justify;\">Az online ki\u00e1ll\u00edt\u00e1son megjelen\u0151 k\u00e9peket k\u00fcl\u00f6nb\u00f6z\u0151 technik\u00e1kkal k\u00e9sz\u00edtett\u00fck el: v\u00edzfest\u00e9kkel, koll\u00e1zs technik\u00e1val, grafitceruz\u00e1val, akvarellceruz\u00e1val \u00e9s k\u00fcl\u00f6nb\u00f6z\u0151 vegyes technik\u00e1kkal. A ki\u00e1ll\u00edt\u00e1son k\u00fcl\u00f6nb\u00f6z\u0151 \u00e9letkor\u00fa di\u00e1kok munk\u00e1ib\u00f3l k\u00e9sz\u00edtett v\u00e1logat\u00e1st tekinthetnek meg.<\/p>\n<p style=\"text-align: justify;\">Fogadj\u00e1k szeretettel a Tisza-partis di\u00e1kok alkot\u00e1sait!<\/p>\n<p style=\"text-align: justify;\"><em>Sipos Roz\u00e1lia<\/em><br \/>\n<em>vizu\u00e1lis kult\u00fara szakos tan\u00e1r<\/em><\/p>\n<p>[\/vc_column_text][vc_raw_html]JTNDZGl2JTIwc3R5bGUlM0QlMjJ3aWR0aCUzQSUyMDEwMCUyNSUzQiUyMiUzRSUzQ2RpdiUyMHN0eWxlJTNEJTIycG9zaXRpb24lM0ElMjByZWxhdGl2ZSUzQiUyMHBhZGRpbmctYm90dG9tJTNBJTIwNTYuMjUlMjUlM0IlMjBwYWRkaW5nLXRvcCUzQSUyMDAlM0IlMjBoZWlnaHQlM0ElMjAwJTNCJTIyJTNFJTNDaWZyYW1lJTIwZnJhbWVib3JkZXIlM0QlMjIwJTIyJTIwd2lkdGglM0QlMjIxMjAwJTIyJTIwaGVpZ2h0JTNEJTIyNjc1JTIyJTIwc3R5bGUlM0QlMjJwb3NpdGlvbiUzQSUyMGFic29sdXRlJTNCJTIwdG9wJTNBJTIwMCUzQiUyMGxlZnQlM0ElMjAwJTNCJTIwd2lkdGglM0ElMjAxMDAlMjUlM0IlMjBoZWlnaHQlM0ElMjAxMDAlMjUlM0IlMjIlMjBzcmMlM0QlMjJodHRwcyUzQSUyRiUyRnZpZXcuZ2VuaWFsLmx5JTJGNjBiZTA3MmEzODVjOWMwZDRkOTQ4ZTNlJTIyJTIwdHlwZSUzRCUyMnRleHQlMkZodG1sJTIyJTIwYWxsb3dzY3JpcHRhY2Nlc3MlM0QlMjJhbHdheXMlMjIlMjBhbGxvd2Z1bGxzY3JlZW4lM0QlMjJ0cnVlJTIyJTIwc2Nyb2xsaW5nJTNEJTIyeWVzJTIyJTIwYWxsb3duZXR3b3JraW5nJTNEJTIyYWxsJTIyJTNFJTNDJTJGaWZyYW1lJTNFJTIwJTNDJTJGZGl2JTNFJTIwJTNDJTJGZGl2JTNF[\/vc_raw_html][vc_separator style=&#8221;shadow&#8221;][\/vc_column][vc_column width=&#8221;1\/4&#8243; css=&#8221;.vc_custom_1511336434996{background-color: #f4f4f4 !important;}&#8221;][vc_widget_sidebar sidebar_id=&#8221;default&#8221;][\/vc_column][\/vc_row][vc_row][vc_column][\/vc_column][\/vc_row]<\/p>\n","protected":false},"excerpt":{"rendered":"<p>[vc_row][vc_column width=&#8221;3\/4&#8243; css=&#8221;.vc_custom_1511336420303{background-color: #f4ecde !important;}&#8221;][vc_separator style=&#8221;shadow&#8221;][vc_column_text] A Tisza-parti \u00c1ltal\u00e1nos iskol\u00e1ban minden \u00e9vben tan\u00e9vz\u00e1r\u00f3 rajzki\u00e1ll\u00edt\u00e1st szoktunk rendezni int\u00e9zm\u00e9ny\u00fcnk aul\u00e1j\u00e1ban. A tan\u00e9v sor\u00e1n az iskola folyos\u00f3it rendszeresen meg\u00fajul\u00f3, sz\u00ednes k\u00e9pek d\u00edsz\u00edtik, amelyeket tehets\u00e9ges tanul\u00f3ink k\u00e9sz\u00edtenek vizu\u00e1lis kult\u00fara \u00f3r\u00e1kon \u00e9s rajzszakk\u00f6r\u00f6n. Sajnos tavaly \u00e9s id\u00e9n is a koronav\u00edrus-j\u00e1rv\u00e1ny okozta vesz\u00e9lyhelyzet nem tette lehet\u0151v\u00e9, hogy az int\u00e9zm\u00e9nybe j\u00e1r\u00f3 di\u00e1kjainkon [&hellip;]<\/p>\n","protected":false},"author":2,"featured_media":16090,"comment_status":"closed","ping_status":"closed","sticky":false,"template":"","format":"standard","meta":{"footnotes":""},"categories":[1],"tags":[],"class_list":["post-16085","post","type-post","status-publish","format-standard","has-post-thumbnail","hentry","category-hirek"],"_links":{"self":[{"href":"https:\/\/www.tiszaparti.hu\/index.php\/wp-json\/wp\/v2\/posts\/16085","targetHints":{"allow":["GET"]}}],"collection":[{"href":"https:\/\/www.tiszaparti.hu\/index.php\/wp-json\/wp\/v2\/posts"}],"about":[{"href":"https:\/\/www.tiszaparti.hu\/index.php\/wp-json\/wp\/v2\/types\/post"}],"author":[{"embeddable":true,"href":"https:\/\/www.tiszaparti.hu\/index.php\/wp-json\/wp\/v2\/users\/2"}],"replies":[{"embeddable":true,"href":"https:\/\/www.tiszaparti.hu\/index.php\/wp-json\/wp\/v2\/comments?post=16085"}],"version-history":[{"count":0,"href":"https:\/\/www.tiszaparti.hu\/index.php\/wp-json\/wp\/v2\/posts\/16085\/revisions"}],"wp:featuredmedia":[{"embeddable":true,"href":"https:\/\/www.tiszaparti.hu\/index.php\/wp-json\/wp\/v2\/media\/16090"}],"wp:attachment":[{"href":"https:\/\/www.tiszaparti.hu\/index.php\/wp-json\/wp\/v2\/media?parent=16085"}],"wp:term":[{"taxonomy":"category","embeddable":true,"href":"https:\/\/www.tiszaparti.hu\/index.php\/wp-json\/wp\/v2\/categories?post=16085"},{"taxonomy":"post_tag","embeddable":true,"href":"https:\/\/www.tiszaparti.hu\/index.php\/wp-json\/wp\/v2\/tags?post=16085"}],"curies":[{"name":"wp","href":"https:\/\/api.w.org\/{rel}","templated":true}]}}