{"id":16191,"date":"2021-06-29T12:56:21","date_gmt":"2021-06-29T12:56:21","guid":{"rendered":"http:\/\/www.tiszaparti.hu\/?p=16191"},"modified":"2021-06-29T12:56:21","modified_gmt":"2021-06-29T12:56:21","slug":"ballagas2021","status":"publish","type":"post","link":"https:\/\/www.tiszaparti.hu\/index.php\/2021\/06\/29\/ballagas2021\/","title":{"rendered":"Ballag\u00e1s 2021."},"content":{"rendered":"<p>[vc_row][vc_column width=&#8221;3\/4&#8243; css=&#8221;.vc_custom_1511336420303{background-color: #f4ecde !important;}&#8221;][vc_separator style=&#8221;shadow&#8221;][vc_column_text]<em>\u201eBar\u00e1tom,<\/em><br \/>\n<em>tudod, ma \u00fagy t\u0171nik minden pillanat, <\/em><br \/>\n<em>n\u00e9m\u00e1n \u00e1tzuhan a homok\u00f3ra par\u00e1nyi r\u00e9s\u00e9n,<\/em><br \/>\n<em>s kez\u00fcnk k\u00f6zt csak a m\u00falt marad.\u201d<\/em><\/p>\n<p>\/Kutyifa Anik\u00f3 \/[\/vc_column_text][vc_column_text]<\/p>\n<p style=\"text-align: justify;\">A Tisza-parti \u00c1ltal\u00e1nos Iskola v\u00e9gz\u0151s di\u00e1kjai j\u00fanius 19-\u00e9n k\u00f6sz\u00f6ntek el att\u00f3l a helyt\u0151l, ahol nyolc \u00e9vig ismerkedtek a tudom\u00e1nyokkal, bar\u00e1tkoztak, k\u00f6z\u00f6ss\u00e9get alkottak, felel\u0151ss\u00e9get tanultak.<br \/>\nA b\u00facs\u00faz\u00e1s pillanataiban lassan bez\u00e1rul egy kapu, maga m\u00f6g\u00f6tt hagyva eml\u00e9keket, meghat\u00e1roz\u00f3 embereket, ugyanakkor ny\u00edlik a k\u00f6vetkez\u0151 ajt\u00f3 \u00faj lehet\u0151s\u00e9gekkel, rem\u00e9nyekkel, kih\u00edv\u00e1sokkal.<br \/>\nSzem\u00fcnk az ismeretlenbe tekint, fog\u00f3dz\u00f3kat keres a v\u00e9gtelennek t\u0171n\u0151 t\u00e9rben. M\u00e9gis meg kell \u00e1llnunk egy pillanatra, hogy eml\u00e9kezz\u00fcnk arra, mit visz\u00fcnk magunkkal.<br \/>\nEhhez a m\u00e9lt\u00f3n feld\u00edsz\u00edtett iskola\u00e9p\u00fclet, a gondosan \u00f6ssze\u00e1ll\u00edtott ballag\u00e1si m\u0171sor, az oszt\u00e1ly- k\u00f6z\u00f6ss\u00e9geket meg\u00f6r\u00f6k\u00edt\u0151 tabl\u00f3k, a megh\u00edvott vend\u00e9gek adt\u00e1k meg a k\u00fcl\u00f6nleges, \u00fcnnepi hangulatot.<br \/>\nSokan sokf\u00e9lek\u00e9ppen eml\u00e9keztek az eltelt nyolc \u00e9vre. A hetedikesek s\u00f3v\u00e1rogva szeml\u00e9lt\u00e9k az el\u0151tt\u00fck j\u00e1r\u00f3 v\u00e9gz\u0151s di\u00e1kokat, a tan\u00e1ri kar nev\u00e9ben elhangz\u00f3 pedag\u00f3giai hitvall\u00e1s biztat\u00e1st adott. A ballag\u00f3k meghatottan, de a j\u00f6v\u0151be tekintve adtak sz\u00e1mvet\u00e9st a \u201etariszny\u00e1juk\u201d tartalm\u00e1r\u00f3l, k\u00f6sz\u00f6netet mondva mindazoknak, akik \u00e9rt\u00fck dolgoztak. Meghatottan hallgattuk a sz\u00fcl\u0151k \u00e9lm\u00e9nyeit arr\u00f3l, ahogyan v\u00e9gigk\u00eds\u00e9rt\u00e9k az elm\u00falt \u00e9vek sikereit, kudarcait, mik\u00f6zben biztatva gyermekeiket a j\u00f3ra megosztott\u00e1k a nevel\u00e9s feladat\u00e1t a pedag\u00f3gusokkal.<br \/>\nHogy mi t\u00f6rt\u00e9nt val\u00f3j\u00e1ban az iskol\u00e1ban? Int\u00e9zm\u00e9ny\u00fcnk vezet\u0151je besz\u00e9de elej\u00e9n id\u00e9zte azokat a gyermeki visszaeml\u00e9kez\u00e9seket, amelyek arr\u00f3l \u00e1rulkodtak, hogy az iskolai \u00e9let id\u0151nk\u00e9nt keser\u00e9des, vicces \u00e9s izgalmakkal teli. Visszagondolhattunk azokra a t\u00f6rt\u00e9netekre, \u00f3r\u00e1kra, programokra, versenyekre, amelyek \u00e9p\u00edtett\u00e9k az elk\u00f6sz\u00f6n\u0151k gyermeki szem\u00e9lyis\u00e9g\u00e9t. Elismer\u00e9ssel sz\u00f3lt azokr\u00f3l a di\u00e1kokr\u00f3l, akik kiv\u00e1l\u00f3 tanulm\u00e1nyi eredm\u00e9ny\u00fckkel, p\u00e9ldamutat\u00f3 magatart\u00e1sukkal, a k\u00f6z\u00f6ss\u00e9g\u00e9rt v\u00e9gzett kiemelked\u0151 munk\u00e1jukkal, a versenyeken el\u00e9rt sikereikkel kiv\u00edvt\u00e1k iskol\u00e1nk k\u00f6z\u00f6ss\u00e9g\u00e9nek elismer\u00e9s\u00e9t. Besz\u00e9lt arr\u00f3l az al\u00e1zatr\u00f3l, amit az eredm\u00e9nyek el\u00e9r\u00e9se sor\u00e1n megtanulnak a gyerekek, \u00e9s ez lesz mozgat\u00f3rug\u00f3juk a k\u00e9s\u0151bbiekben is. Gazd\u00e1ra tal\u00e1lt az iskol\u00e1nk nevel\u0151test\u00fclet \u00e1ltal alap\u00edtott \u00c9RDEMES DI\u00c1K, valamint az \u00f6nkorm\u00e1nyzat \u00e1ltal felaj\u00e1nlott PRO BONO PUBLICO d\u00edj.<br \/>\nA v\u00e9gz\u0151s\u00f6k utols\u00f3 k\u00f6z\u00f6s produkci\u00f3ja, az oszt\u00e1lydal nagy sikert aratott. \u00d6r\u00f6m volt l\u00e1tni, ahogyan az \u00fcnnepeltek \u00e9s vend\u00e9geik \u00f6nfeledten f\u00e9nyk\u00e9pezkedtek az iskolaudvaron, majd maguk m\u00f6g\u00f6tt hagyva az \u00f6sszegy\u0171jt\u00f6tt eml\u00e9keket, kil\u00e9ptek a feld\u00edsz\u00edtett kapun.<\/p>\n<p style=\"text-align: justify;\"><em>A hetedikes oszt\u00e1lyf\u0151n\u00f6k\u00f6k<\/em><\/p>\n<p>[\/vc_column_text][vc_gallery type=&#8221;slick_slider&#8221; images=&#8221;16194,16195,16196,16197,16198,16199,16200,16201,16202,16203,16204,16205,16206,16207,16208,16209,16210,16211,16212,16213,16214,16215,16216,16217,16218,16219,16220,16221,16222,16223,16224,16225,16226,16227,16228,16229,16230,16231,16232,16233,16234,16235,16236,16237,16238,16239,16240,16241,16242,16243,16244,16245,16246,16247,16248,16249,16250,16251,16252,16253,16254,16255,16256,16257,16258,16259,16260,16261&#8243;][vc_separator style=&#8221;shadow&#8221;][\/vc_column][vc_column width=&#8221;1\/4&#8243; css=&#8221;.vc_custom_1511336434996{background-color: #f4f4f4 !important;}&#8221;][vc_widget_sidebar sidebar_id=&#8221;default&#8221;][\/vc_column][\/vc_row]<\/p>\n","protected":false},"excerpt":{"rendered":"<p>[vc_row][vc_column width=&#8221;3\/4&#8243; css=&#8221;.vc_custom_1511336420303{background-color: #f4ecde !important;}&#8221;][vc_separator style=&#8221;shadow&#8221;][vc_column_text]\u201eBar\u00e1tom, tudod, ma \u00fagy t\u0171nik minden pillanat, n\u00e9m\u00e1n \u00e1tzuhan a homok\u00f3ra par\u00e1nyi r\u00e9s\u00e9n, s kez\u00fcnk k\u00f6zt csak a m\u00falt marad.\u201d \/Kutyifa Anik\u00f3 \/[\/vc_column_text][vc_column_text] A Tisza-parti \u00c1ltal\u00e1nos Iskola v\u00e9gz\u0151s di\u00e1kjai j\u00fanius 19-\u00e9n k\u00f6sz\u00f6ntek el att\u00f3l a helyt\u0151l, ahol nyolc \u00e9vig ismerkedtek a tudom\u00e1nyokkal, bar\u00e1tkoztak, k\u00f6z\u00f6ss\u00e9get alkottak, felel\u0151ss\u00e9get tanultak. A b\u00facs\u00faz\u00e1s pillanataiban [&hellip;]<\/p>\n","protected":false},"author":2,"featured_media":16198,"comment_status":"closed","ping_status":"closed","sticky":false,"template":"","format":"standard","meta":{"footnotes":""},"categories":[1],"tags":[],"class_list":["post-16191","post","type-post","status-publish","format-standard","has-post-thumbnail","hentry","category-hirek"],"_links":{"self":[{"href":"https:\/\/www.tiszaparti.hu\/index.php\/wp-json\/wp\/v2\/posts\/16191","targetHints":{"allow":["GET"]}}],"collection":[{"href":"https:\/\/www.tiszaparti.hu\/index.php\/wp-json\/wp\/v2\/posts"}],"about":[{"href":"https:\/\/www.tiszaparti.hu\/index.php\/wp-json\/wp\/v2\/types\/post"}],"author":[{"embeddable":true,"href":"https:\/\/www.tiszaparti.hu\/index.php\/wp-json\/wp\/v2\/users\/2"}],"replies":[{"embeddable":true,"href":"https:\/\/www.tiszaparti.hu\/index.php\/wp-json\/wp\/v2\/comments?post=16191"}],"version-history":[{"count":0,"href":"https:\/\/www.tiszaparti.hu\/index.php\/wp-json\/wp\/v2\/posts\/16191\/revisions"}],"wp:featuredmedia":[{"embeddable":true,"href":"https:\/\/www.tiszaparti.hu\/index.php\/wp-json\/wp\/v2\/media\/16198"}],"wp:attachment":[{"href":"https:\/\/www.tiszaparti.hu\/index.php\/wp-json\/wp\/v2\/media?parent=16191"}],"wp:term":[{"taxonomy":"category","embeddable":true,"href":"https:\/\/www.tiszaparti.hu\/index.php\/wp-json\/wp\/v2\/categories?post=16191"},{"taxonomy":"post_tag","embeddable":true,"href":"https:\/\/www.tiszaparti.hu\/index.php\/wp-json\/wp\/v2\/tags?post=16191"}],"curies":[{"name":"wp","href":"https:\/\/api.w.org\/{rel}","templated":true}]}}