{"id":16396,"date":"2021-09-21T11:22:37","date_gmt":"2021-09-21T11:22:37","guid":{"rendered":"http:\/\/www.tiszaparti.hu\/?p=16396"},"modified":"2021-09-22T12:27:10","modified_gmt":"2021-09-22T12:27:10","slug":"tanevnyitounnepseg","status":"publish","type":"post","link":"https:\/\/www.tiszaparti.hu\/index.php\/2021\/09\/21\/tanevnyitounnepseg\/","title":{"rendered":"Tan\u00e9vnyit\u00f3 \u00fcnneps\u00e9g"},"content":{"rendered":"<p>[vc_row][vc_column width=&#8221;3\/4&#8243; css=&#8221;.vc_custom_1511336420303{background-color: #f4ecde !important;}&#8221;][vc_separator style=&#8221;shadow&#8221;][vc_column_text]<\/p>\n<p style=\"text-align: justify;\">Az idei tan\u00e9vben is az els\u0151 \u2013 di\u00e1kokat, pedag\u00f3gusokat \u00e9s sz\u00fcl\u0151ket egyar\u00e1nt \u00e9rint\u0151 \u2013 esem\u00e9ny az \u00fcnnep\u00e9lyes tan\u00e9vnyit\u00f3 megrendez\u00e9se volt. Az int\u00e9zm\u00e9nyvezet\u0151 tan\u00e9vnyit\u00f3 besz\u00e9d\u00e9t \u00fcnnepi m\u0171sor el\u0151zte meg. Erre a napra a negyedikes tanul\u00f3k egy igaz\u00e1n hangulatos m\u0171sorral k\u00e9sz\u00fcltek, s ebben h\u00e1rom \u00fcgyes, r\u00e1termett els\u0151s is szerepet v\u00e1llalt.<br \/>\nHagyom\u00e1nyainknak megfelel\u0151en a nyolcadikosok aj\u00e1nd\u00e9kokkal kedveskedtek a legkisebbeknek, akik imm\u00e1r b\u00fcszke iskol\u00e1sk\u00e9nt, nagy \u00f6r\u00f6mmel fogadt\u00e1k a kit\u0171z\u0151t, a ceruz\u00e1t \u00e9s az \u00f3rarendet.<br \/>\nA m\u0171sor befejez\u00e9sek\u00e9nt <em>Schaller Gy\u00f6rgyi<\/em> int\u00e9zm\u00e9nyvezet\u0151 hivatalosan is megnyitotta a 2021-2022-es tan\u00e9vet.<br \/>\nEg\u00e9szs\u00e9gben gazdag, eredm\u00e9nyes tan\u00e9vet k\u00edv\u00e1nunk minden di\u00e1kunknak, sz\u00fcleiknek \u00e9s pedag\u00f3gusainknak!<\/p>\n<p style=\"text-align: justify;\"><em>Zsid\u00f3 Di\u00e1na, F\u00fcst\u00f6s Edit tan\u00edt\u00f3k<\/em><\/p>\n<p>[\/vc_column_text][vc_gallery type=&#8221;slick_slider&#8221; images=&#8221;16398,16399,16400,16401,16402,16403,16404,16405,16406,16407,16408,16409,16410,16411,16412,16413,16414,16415,16416,16417,16418,16419,16420,16421,16422,16423,16424,16425,16426,16427,16428,16429,16430,16431&#8243;][vc_separator style=&#8221;shadow&#8221;][\/vc_column][vc_column width=&#8221;1\/4&#8243; css=&#8221;.vc_custom_1511336434996{background-color: #f4f4f4 !important;}&#8221;][vc_widget_sidebar sidebar_id=&#8221;default&#8221;][\/vc_column][\/vc_row]<\/p>\n","protected":false},"excerpt":{"rendered":"<p>[vc_row][vc_column width=&#8221;3\/4&#8243; css=&#8221;.vc_custom_1511336420303{background-color: #f4ecde !important;}&#8221;][vc_separator style=&#8221;shadow&#8221;][vc_column_text] Az idei tan\u00e9vben is az els\u0151 \u2013 di\u00e1kokat, pedag\u00f3gusokat \u00e9s sz\u00fcl\u0151ket egyar\u00e1nt \u00e9rint\u0151 \u2013 esem\u00e9ny az \u00fcnnep\u00e9lyes tan\u00e9vnyit\u00f3 megrendez\u00e9se volt. Az int\u00e9zm\u00e9nyvezet\u0151 tan\u00e9vnyit\u00f3 besz\u00e9d\u00e9t \u00fcnnepi m\u0171sor el\u0151zte meg. Erre a napra a negyedikes tanul\u00f3k egy igaz\u00e1n hangulatos m\u0171sorral k\u00e9sz\u00fcltek, s ebben h\u00e1rom \u00fcgyes, r\u00e1termett els\u0151s is szerepet v\u00e1llalt. Hagyom\u00e1nyainknak [&hellip;]<\/p>\n","protected":false},"author":2,"featured_media":16410,"comment_status":"closed","ping_status":"closed","sticky":false,"template":"","format":"standard","meta":{"footnotes":""},"categories":[1],"tags":[],"class_list":["post-16396","post","type-post","status-publish","format-standard","has-post-thumbnail","hentry","category-hirek"],"_links":{"self":[{"href":"https:\/\/www.tiszaparti.hu\/index.php\/wp-json\/wp\/v2\/posts\/16396","targetHints":{"allow":["GET"]}}],"collection":[{"href":"https:\/\/www.tiszaparti.hu\/index.php\/wp-json\/wp\/v2\/posts"}],"about":[{"href":"https:\/\/www.tiszaparti.hu\/index.php\/wp-json\/wp\/v2\/types\/post"}],"author":[{"embeddable":true,"href":"https:\/\/www.tiszaparti.hu\/index.php\/wp-json\/wp\/v2\/users\/2"}],"replies":[{"embeddable":true,"href":"https:\/\/www.tiszaparti.hu\/index.php\/wp-json\/wp\/v2\/comments?post=16396"}],"version-history":[{"count":0,"href":"https:\/\/www.tiszaparti.hu\/index.php\/wp-json\/wp\/v2\/posts\/16396\/revisions"}],"wp:featuredmedia":[{"embeddable":true,"href":"https:\/\/www.tiszaparti.hu\/index.php\/wp-json\/wp\/v2\/media\/16410"}],"wp:attachment":[{"href":"https:\/\/www.tiszaparti.hu\/index.php\/wp-json\/wp\/v2\/media?parent=16396"}],"wp:term":[{"taxonomy":"category","embeddable":true,"href":"https:\/\/www.tiszaparti.hu\/index.php\/wp-json\/wp\/v2\/categories?post=16396"},{"taxonomy":"post_tag","embeddable":true,"href":"https:\/\/www.tiszaparti.hu\/index.php\/wp-json\/wp\/v2\/tags?post=16396"}],"curies":[{"name":"wp","href":"https:\/\/api.w.org\/{rel}","templated":true}]}}