{"id":16530,"date":"2021-10-06T12:17:46","date_gmt":"2021-10-06T12:17:46","guid":{"rendered":"http:\/\/www.tiszaparti.hu\/?p=16530"},"modified":"2021-10-06T12:17:46","modified_gmt":"2021-10-06T12:17:46","slug":"magyarnepmesenapja","status":"publish","type":"post","link":"https:\/\/www.tiszaparti.hu\/index.php\/2021\/10\/06\/magyarnepmesenapja\/","title":{"rendered":"A magyar n\u00e9pmese napja"},"content":{"rendered":"<p>[vc_row][vc_column width=&#8221;3\/4&#8243; css=&#8221;.vc_custom_1511336420303{background-color: #f4ecde !important;}&#8221;][vc_separator style=&#8221;shadow&#8221;][vc_column_text]<\/p>\n<p style=\"text-align: justify;\"><em>\u201eA n\u00e9pmes\u00e9k nem egy let\u0171nt vil\u00e1g nyomai, hanem el\u0151deink r\u00e1nk \u00f6r\u00f6k\u00edtett b\u00f6lcsess\u00e9g\u00e9nek gy\u00f6ngyszemei. A mese a lelki rokonunk, a b\u00f6lcs \u00e9s tapasztalt \u00f6regap\u00e1nk \u00e9s \u00f6regany\u00e1nk, aki a kell\u0151 id\u0151ben tan\u00e1ccsal \u00e9s seg\u00edts\u00e9ggel l\u00e1tja el a tisztelettel \u00e9s nyitott sz\u00edvvel fel\u00e9je fordul\u00f3 hallgat\u00f3t. A n\u00e9pmes\u00e9k kincsest\u00e1r\u00e1ban tud\u00e1st \u00e9s er\u0151t kap kis \u00e9s nagy k\u00fczdelmeihez az, aki megdolgozik \u00e9rte. A mese rem\u00e9nyt \u00e9s er\u0151t ad\u00f3, csod\u00e1val meglocsolt szigor\u00fa tan\u00edt\u00f3nk, aki mindig azt mutatja meg mag\u00e1b\u00f3l, amire \u00e9pp sz\u00fcks\u00e9g\u00fcnk van\u201d<\/em> &#8211; olvashatjuk a M\u00f3ra K\u00f6nyvkiad\u00f3 weboldal\u00e1n.<\/p>\n<p style=\"text-align: justify;\">Ezt a gondolatk\u00f6rt \u00e9rezz\u00fck magunk\u00e9nak, ez\u00e9rt \u00fcnnep sz\u00e1munkra szeptember 30-a, Benedek Elek sz\u00fclet\u00e9snapja.<\/p>\n<p style=\"text-align: justify;\">Hagyom\u00e1nyainkhoz h\u00edven mese\u00edr\u00e1sra buzd\u00edtottuk az 5-6. oszt\u00e1lyos tanul\u00f3inkat. A t\u00f6rt\u00e9net\u00fck vez\u00e9rmot\u00edvum\u00e1nak most az \u201e\u00e9gig \u00e9r\u0151\u201d kifejez\u00e9st aj\u00e1nlottuk.<\/p>\n<p style=\"text-align: justify;\">Nagy \u00f6r\u00f6m\u00fcnkre fordulatos, gondolatgazdag, egyedi mes\u00e9k sz\u00fclettek mindk\u00e9t \u00e9vfolyamon.<\/p>\n<p style=\"text-align: justify;\">Rendk\u00edv\u00fcli irodalom\u00f3r\u00e1val folytattuk az \u00fcnnepl\u00e9st szeptember 30-\u00e1n. K\u00f6z\u00e9ppontba id\u00e9n az \u00e9l\u0151szavas mesemond\u00e1st \u00e1ll\u00edtottuk. Vend\u00e9gk\u00e9nt h\u00edvtuk mes\u00e9l\u0151nek Jegercsik Erika tan\u00edt\u00f3 n\u00e9nit \u00e9s Petr\u00f3czin\u00e9 M\u00e9sz\u00e1ros Erzs\u00e9bet tan\u00e1rn\u0151t. Bizalomj\u00e1t\u00e9kokkal kezd\u0151d\u00f6tt a foglakoz\u00e1s, majd csod\u00e1latos mesemond\u00e1sukkal var\u00e1zsoltak el benn\u00fcnket az el\u0151ad\u00f3k. Az \u00f3ra v\u00e9g\u00e9n dics\u00e9r\u0151 oklevelet vehetett \u00e1t minden mese\u00edr\u00f3 di\u00e1k.<\/p>\n<p style=\"text-align: justify;\"><em>a hum\u00e1n munkak\u00f6z\u00f6ss\u00e9g nev\u00e9ben Gazs\u00f3n\u00e9 S\u00e1ri M\u00e1ria magyartan\u00e1r<\/em><\/p>\n<p>[\/vc_column_text][vc_gallery type=&#8221;slick_slider&#8221; images=&#8221;16532,16533,16534,16535,16536,16537,16538,16539,16540,16541,16542,16543,16544,16545,16546,16547,16548,16549,16550,16551,16552,16553,16554,16555,16556,16557,16558,16559,16560,16561,16562,16563,16564,16565&#8243;][vc_column_text]<a href=\"https:\/\/www.tiszaparti.hu\/wp-content\/uploads\/2021\/09\/vegeredmeny.pdf\" target=\"_blank\" rel=\"noopener\"><strong>V\u00e9geredm\u00e9ny<\/strong><\/a>[\/vc_column_text][vc_separator style=&#8221;shadow&#8221;][\/vc_column][vc_column width=&#8221;1\/4&#8243; css=&#8221;.vc_custom_1511336434996{background-color: #f4f4f4 !important;}&#8221;][vc_widget_sidebar sidebar_id=&#8221;default&#8221;][\/vc_column][\/vc_row]<\/p>\n","protected":false},"excerpt":{"rendered":"<p>[vc_row][vc_column width=&#8221;3\/4&#8243; css=&#8221;.vc_custom_1511336420303{background-color: #f4ecde !important;}&#8221;][vc_separator style=&#8221;shadow&#8221;][vc_column_text] \u201eA n\u00e9pmes\u00e9k nem egy let\u0171nt vil\u00e1g nyomai, hanem el\u0151deink r\u00e1nk \u00f6r\u00f6k\u00edtett b\u00f6lcsess\u00e9g\u00e9nek gy\u00f6ngyszemei. A mese a lelki rokonunk, a b\u00f6lcs \u00e9s tapasztalt \u00f6regap\u00e1nk \u00e9s \u00f6regany\u00e1nk, aki a kell\u0151 id\u0151ben tan\u00e1ccsal \u00e9s seg\u00edts\u00e9ggel l\u00e1tja el a tisztelettel \u00e9s nyitott sz\u00edvvel fel\u00e9je fordul\u00f3 hallgat\u00f3t. A n\u00e9pmes\u00e9k kincsest\u00e1r\u00e1ban tud\u00e1st \u00e9s er\u0151t kap [&hellip;]<\/p>\n","protected":false},"author":2,"featured_media":16557,"comment_status":"closed","ping_status":"closed","sticky":false,"template":"","format":"standard","meta":{"footnotes":""},"categories":[1],"tags":[],"class_list":["post-16530","post","type-post","status-publish","format-standard","has-post-thumbnail","hentry","category-hirek"],"_links":{"self":[{"href":"https:\/\/www.tiszaparti.hu\/index.php\/wp-json\/wp\/v2\/posts\/16530","targetHints":{"allow":["GET"]}}],"collection":[{"href":"https:\/\/www.tiszaparti.hu\/index.php\/wp-json\/wp\/v2\/posts"}],"about":[{"href":"https:\/\/www.tiszaparti.hu\/index.php\/wp-json\/wp\/v2\/types\/post"}],"author":[{"embeddable":true,"href":"https:\/\/www.tiszaparti.hu\/index.php\/wp-json\/wp\/v2\/users\/2"}],"replies":[{"embeddable":true,"href":"https:\/\/www.tiszaparti.hu\/index.php\/wp-json\/wp\/v2\/comments?post=16530"}],"version-history":[{"count":0,"href":"https:\/\/www.tiszaparti.hu\/index.php\/wp-json\/wp\/v2\/posts\/16530\/revisions"}],"wp:featuredmedia":[{"embeddable":true,"href":"https:\/\/www.tiszaparti.hu\/index.php\/wp-json\/wp\/v2\/media\/16557"}],"wp:attachment":[{"href":"https:\/\/www.tiszaparti.hu\/index.php\/wp-json\/wp\/v2\/media?parent=16530"}],"wp:term":[{"taxonomy":"category","embeddable":true,"href":"https:\/\/www.tiszaparti.hu\/index.php\/wp-json\/wp\/v2\/categories?post=16530"},{"taxonomy":"post_tag","embeddable":true,"href":"https:\/\/www.tiszaparti.hu\/index.php\/wp-json\/wp\/v2\/tags?post=16530"}],"curies":[{"name":"wp","href":"https:\/\/api.w.org\/{rel}","templated":true}]}}