{"id":17152,"date":"2022-02-08T05:00:04","date_gmt":"2022-02-08T05:00:04","guid":{"rendered":"http:\/\/www.tiszaparti.hu\/?p=17152"},"modified":"2022-02-09T08:08:33","modified_gmt":"2022-02-09T08:08:33","slug":"sakkdiakolimpia2022","status":"publish","type":"post","link":"https:\/\/www.tiszaparti.hu\/index.php\/2022\/02\/08\/sakkdiakolimpia2022\/","title":{"rendered":"Szeged V\u00e1rosi Egy\u00e9ni Sakk Di\u00e1kolimpia"},"content":{"rendered":"<p>[vc_row][vc_column width=&#8221;3\/4&#8243; css=&#8221;.vc_custom_1511336420303{background-color: #f4ecde !important;}&#8221;][vc_separator style=&#8221;shadow&#8221;][vc_column_text]<\/p>\n<p style=\"text-align: justify;\">Tisztelt Sz\u00fcl\u0151!<\/p>\n<p style=\"text-align: justify;\">Amennyiben nevezni k\u00edv\u00e1nja gyermek\u00e9t a <strong>Szeged V\u00e1rosi Egy\u00e9ni Sakk Di\u00e1kolimpi\u00e1ra<\/strong>, k\u00e9rem, hogy <strong><span style=\"text-decoration: underline;\">2022. janu\u00e1r 16-\u00e1n vas\u00e1rnap \u00e9jf\u00e9lig<\/span><\/strong> k\u00fcldje el a jelentkez\u00e9st a <a href=\"mailto:horvathzsolttiszaparti@gmail.com\">horvathzsolttiszaparti@gmail.com<\/a> c\u00edmre, majd ezt k\u00f6vet\u0151en megbesz\u00e9lj\u00fck a felmer\u00fcl\u0151 k\u00e9rd\u00e9seket \u00e9s r\u00e9szleteket.<\/p>\n<p style=\"text-align: justify;\"><em>K\u00f6sz\u00f6nettel: Horv\u00e1th Zsolt<\/em><\/p>\n<p>[\/vc_column_text][vc_column_text]<\/p>\n<h3 style=\"text-align: center;\"><span style=\"text-decoration: underline;\"><a href=\"https:\/\/www.tiszaparti.hu\/wp-content\/uploads\/2022\/01\/2021-2022-es-Tanev-Szeged-Varos-Egyeni-Diakolimpia-BSZM.pdf\" target=\"_blank\" rel=\"noopener\"><span style=\"color: #000080;\"><strong>T \u00c1 J \u00c9 K O Z T A T \u00d3<\/strong><\/span><\/a><\/span><\/h3>\n<p>[\/vc_column_text][vc_separator style=&#8221;shadow&#8221;][\/vc_column][vc_column width=&#8221;1\/4&#8243; css=&#8221;.vc_custom_1511336434996{background-color: #f4f4f4 !important;}&#8221;][vc_widget_sidebar sidebar_id=&#8221;default&#8221;][\/vc_column][\/vc_row]<\/p>\n","protected":false},"excerpt":{"rendered":"<p>[vc_row][vc_column width=&#8221;3\/4&#8243; css=&#8221;.vc_custom_1511336420303{background-color: #f4ecde !important;}&#8221;][vc_separator style=&#8221;shadow&#8221;][vc_column_text] Tisztelt Sz\u00fcl\u0151! Amennyiben nevezni k\u00edv\u00e1nja gyermek\u00e9t a Szeged V\u00e1rosi Egy\u00e9ni Sakk Di\u00e1kolimpi\u00e1ra, k\u00e9rem, hogy 2022. janu\u00e1r 16-\u00e1n vas\u00e1rnap \u00e9jf\u00e9lig k\u00fcldje el a jelentkez\u00e9st a horvathzsolttiszaparti@gmail.com c\u00edmre, majd ezt k\u00f6vet\u0151en megbesz\u00e9lj\u00fck a felmer\u00fcl\u0151 k\u00e9rd\u00e9seket \u00e9s r\u00e9szleteket. K\u00f6sz\u00f6nettel: Horv\u00e1th Zsolt [\/vc_column_text][vc_column_text] T \u00c1 J \u00c9 K O Z T A T [&hellip;]<\/p>\n","protected":false},"author":2,"featured_media":17154,"comment_status":"closed","ping_status":"closed","sticky":false,"template":"","format":"standard","meta":{"footnotes":""},"categories":[1],"tags":[],"class_list":["post-17152","post","type-post","status-publish","format-standard","has-post-thumbnail","hentry","category-hirek"],"_links":{"self":[{"href":"https:\/\/www.tiszaparti.hu\/index.php\/wp-json\/wp\/v2\/posts\/17152","targetHints":{"allow":["GET"]}}],"collection":[{"href":"https:\/\/www.tiszaparti.hu\/index.php\/wp-json\/wp\/v2\/posts"}],"about":[{"href":"https:\/\/www.tiszaparti.hu\/index.php\/wp-json\/wp\/v2\/types\/post"}],"author":[{"embeddable":true,"href":"https:\/\/www.tiszaparti.hu\/index.php\/wp-json\/wp\/v2\/users\/2"}],"replies":[{"embeddable":true,"href":"https:\/\/www.tiszaparti.hu\/index.php\/wp-json\/wp\/v2\/comments?post=17152"}],"version-history":[{"count":0,"href":"https:\/\/www.tiszaparti.hu\/index.php\/wp-json\/wp\/v2\/posts\/17152\/revisions"}],"wp:featuredmedia":[{"embeddable":true,"href":"https:\/\/www.tiszaparti.hu\/index.php\/wp-json\/wp\/v2\/media\/17154"}],"wp:attachment":[{"href":"https:\/\/www.tiszaparti.hu\/index.php\/wp-json\/wp\/v2\/media?parent=17152"}],"wp:term":[{"taxonomy":"category","embeddable":true,"href":"https:\/\/www.tiszaparti.hu\/index.php\/wp-json\/wp\/v2\/categories?post=17152"},{"taxonomy":"post_tag","embeddable":true,"href":"https:\/\/www.tiszaparti.hu\/index.php\/wp-json\/wp\/v2\/tags?post=17152"}],"curies":[{"name":"wp","href":"https:\/\/api.w.org\/{rel}","templated":true}]}}