{"id":20542,"date":"2022-10-26T10:58:45","date_gmt":"2022-10-26T10:58:45","guid":{"rendered":"https:\/\/www.tiszaparti.hu\/?p=20542"},"modified":"2022-10-26T11:30:24","modified_gmt":"2022-10-26T11:30:24","slug":"oktober23emleke2022","status":"publish","type":"post","link":"https:\/\/www.tiszaparti.hu\/index.php\/2022\/10\/26\/oktober23emleke2022\/","title":{"rendered":"\u00dcnnepi megeml\u00e9kez\u00e9s 1956. okt\u00f3ber 23-a eml\u00e9k\u00e9re"},"content":{"rendered":"<p>[vc_row][vc_column width=&#8221;3\/4&#8243; css=&#8221;.vc_custom_1511336420303{background-color: #f4ecde !important;}&#8221;][vc_separator style=&#8221;shadow&#8221;][vc_column_text]<\/p>\n<p style=\"text-align: justify;\">Iskol\u00e1nk 7. \u00e9vfolyama seg\u00edts\u00e9g\u00e9vel eml\u00e9kezt\u00fcnk az 1956-os forradalom \u00e9s szabads\u00e1gharc esem\u00e9nyeire.<\/p>\n<p style=\"text-align: justify;\">50 tanul\u00f3 az iskolai \u00e9nekkarral kar\u00f6ltve 2 h\u00e9ten \u00e1t nagy izgalommal tanulta a verseket, dalokat \u00e9s megid\u00e9zte a korabeli esem\u00e9nyeket. C\u00e9ljuk olyan l\u00e1tv\u00e1nyos m\u0171sor \u00f6ssze\u00e1ll\u00edt\u00e1sa volt, amelyben a t\u00f6rt\u00e9nelmi pillanatok feleleven\u00edt\u00e9s\u00e9t a legkisebbek is meg\u00e9rtik, ugyanakkor az elhangzott m\u0171vek r\u00e9v\u00e9n az id\u0151sebb koroszt\u00e1ly is \u00e1t\u00e9lheti a m\u00faltat. A l\u00e1tv\u00e1nyos koreogr\u00e1fia mellett a h\u00e1tterek \u00e1lland\u00f3 v\u00e1ltoz\u00e1sa, a sok felhaszn\u00e1lt kell\u00e9k pontos, prec\u00edz munk\u00e1t ig\u00e9nyelt. Tanul\u00f3ink mindent megtettek a siker \u00e9rdek\u00e9ben. A m\u0171sort Vincz\u00e9n\u00e9 Farag\u00f3 Anik\u00f3 \u00e1ll\u00edtotta \u00f6ssze, a sz\u00ednpadra \u00e1ll\u00edt\u00e1sban Terhesn\u00e9 Rozik Edit \u00e9s Gazs\u00f3n\u00e9 S\u00e1ri M\u00e1ria seg\u00edtett. Az \u00e9nekkart G\u00e1sp\u00e1r Andrea vez\u00e9nyelte, a dekor\u00e1ci\u00f3t Szil\u00e1gyi Katalin k\u00e9sz\u00edtette, a technikai h\u00e1tt\u00e9r Veszelovszki Bal\u00e1zs \u00e9rdeme.<\/p>\n<p style=\"text-align: justify;\">Azokra a h\u0151s\u00f6kre eml\u00e9kezt\u00fcnk, akik \u00e1ldozatot hoztak a haza fennmarad\u00e1s\u00e1\u00e9rt, szabads\u00e1g\u00e1\u00e9rt.<\/p>\n<p style=\"text-align: justify;\"><em>Vincz\u00e9n\u00e9 Farag\u00f3 Anik\u00f3<\/em><\/p>\n<p>[\/vc_column_text][vc_gallery type=&#8221;slick_slider&#8221; images=&#8221;20547,20548,20549,20550,20551,20552,20553,20554,20555,20556,20557,20558,20559,20560,20561,20562,20563,20564,20565,20566,20567,20568,20569,20570,20571,20572,20573,20574,20575,20576,20577,20578&#8243;][vc_separator style=&#8221;shadow&#8221;][\/vc_column][vc_column width=&#8221;1\/4&#8243; css=&#8221;.vc_custom_1511336434996{background-color: #f4f4f4 !important;}&#8221;][vc_widget_sidebar sidebar_id=&#8221;default&#8221;][\/vc_column][\/vc_row]<\/p>\n","protected":false},"excerpt":{"rendered":"<p>[vc_row][vc_column width=&#8221;3\/4&#8243; css=&#8221;.vc_custom_1511336420303{background-color: #f4ecde !important;}&#8221;][vc_separator style=&#8221;shadow&#8221;][vc_column_text] Iskol\u00e1nk 7. \u00e9vfolyama seg\u00edts\u00e9g\u00e9vel eml\u00e9kezt\u00fcnk az 1956-os forradalom \u00e9s szabads\u00e1gharc esem\u00e9nyeire. 50 tanul\u00f3 az iskolai \u00e9nekkarral kar\u00f6ltve 2 h\u00e9ten \u00e1t nagy izgalommal tanulta a verseket, dalokat \u00e9s megid\u00e9zte a korabeli esem\u00e9nyeket. C\u00e9ljuk olyan l\u00e1tv\u00e1nyos m\u0171sor \u00f6ssze\u00e1ll\u00edt\u00e1sa volt, amelyben a t\u00f6rt\u00e9nelmi pillanatok feleleven\u00edt\u00e9s\u00e9t a legkisebbek is meg\u00e9rtik, ugyanakkor az elhangzott [&hellip;]<\/p>\n","protected":false},"author":2,"featured_media":20546,"comment_status":"closed","ping_status":"closed","sticky":false,"template":"","format":"standard","meta":{"footnotes":""},"categories":[1],"tags":[],"class_list":["post-20542","post","type-post","status-publish","format-standard","has-post-thumbnail","hentry","category-hirek"],"_links":{"self":[{"href":"https:\/\/www.tiszaparti.hu\/index.php\/wp-json\/wp\/v2\/posts\/20542","targetHints":{"allow":["GET"]}}],"collection":[{"href":"https:\/\/www.tiszaparti.hu\/index.php\/wp-json\/wp\/v2\/posts"}],"about":[{"href":"https:\/\/www.tiszaparti.hu\/index.php\/wp-json\/wp\/v2\/types\/post"}],"author":[{"embeddable":true,"href":"https:\/\/www.tiszaparti.hu\/index.php\/wp-json\/wp\/v2\/users\/2"}],"replies":[{"embeddable":true,"href":"https:\/\/www.tiszaparti.hu\/index.php\/wp-json\/wp\/v2\/comments?post=20542"}],"version-history":[{"count":0,"href":"https:\/\/www.tiszaparti.hu\/index.php\/wp-json\/wp\/v2\/posts\/20542\/revisions"}],"wp:featuredmedia":[{"embeddable":true,"href":"https:\/\/www.tiszaparti.hu\/index.php\/wp-json\/wp\/v2\/media\/20546"}],"wp:attachment":[{"href":"https:\/\/www.tiszaparti.hu\/index.php\/wp-json\/wp\/v2\/media?parent=20542"}],"wp:term":[{"taxonomy":"category","embeddable":true,"href":"https:\/\/www.tiszaparti.hu\/index.php\/wp-json\/wp\/v2\/categories?post=20542"},{"taxonomy":"post_tag","embeddable":true,"href":"https:\/\/www.tiszaparti.hu\/index.php\/wp-json\/wp\/v2\/tags?post=20542"}],"curies":[{"name":"wp","href":"https:\/\/api.w.org\/{rel}","templated":true}]}}