{"id":20975,"date":"2023-03-01T12:14:42","date_gmt":"2023-03-01T12:14:42","guid":{"rendered":"https:\/\/www.tiszaparti.hu\/?p=20975"},"modified":"2023-03-09T13:44:14","modified_gmt":"2023-03-09T13:44:14","slug":"dijesoirodalmipalyazaton","status":"publish","type":"post","link":"https:\/\/www.tiszaparti.hu\/index.php\/2023\/03\/01\/dijesoirodalmipalyazaton\/","title":{"rendered":"D\u00edjes\u0151 irodalmi p\u00e1ly\u00e1zaton"},"content":{"rendered":"<p>[vc_row][vc_column width=&#8221;3\/4&#8243; css=&#8221;.vc_custom_1511336420303{background-color: #f4ecde !important;}&#8221;][vc_separator style=&#8221;shadow&#8221;][vc_column_text]<\/p>\n<p style=\"text-align: justify;\"><em>\u201eAz irodalomban nincs l\u00e9zershow, nincs g\u00f6r\u00f6gt\u0171z&#8230; csak te vagy, az \u00edr\u00f3g\u00e9p meg az \u00fcres pap\u00edr. <strong>Egyed\u00fcl rajtad m\u00falik, mit alkotsz<\/strong>\u201d<\/em> \u2013 olvashatjuk egy magyar \u00edr\u00f3 reg\u00e9ny\u00e9ben.<\/p>\n<p style=\"text-align: justify;\">Az \u00edr\u00f3g\u00e9pek f\u00f6l\u00f6tt m\u00e1r elj\u00e1rt az id\u0151, \u00fcres pap\u00edrra is egyre ritk\u00e1bban \u00edrunk, viszont alkot\u00f3, kreat\u00edv di\u00e1kokb\u00f3l iskol\u00e1nkban szerencs\u00e9re nincs hi\u00e1ny. A Szegedi Arany J\u00e1nos \u00c1ltal\u00e1nos Iskola <strong>Irodalmi K\u00e1v\u00e9h\u00e1z<\/strong> rendezv\u00e9ny\u00e9re t\u00f6bb Tisza-partis tanul\u00f3nk l\u00edrai \u00e9s pr\u00f3zai alkot\u00e1sait is elk\u00fcldt\u00fck.<\/p>\n<p style=\"text-align: justify;\">A szervez\u0151k n\u00e9gy kateg\u00f3ri\u00e1ban \u00e9rt\u00e9kelt\u00e9k a be\u00e9rkezett p\u00e1lyam\u0171veket. Sikert sikerre halmoztunk, tehets\u00e9ges k\u00f6lt\u0151- \u00e9s \u00edr\u00f3pal\u00e1nt\u00e1ink toll\u00e1b\u00f3l nagyon sz\u00ednvonalas alkot\u00e1sok ker\u00fcltek ki.<\/p>\n<p style=\"text-align: justify;\">Versek<\/p>\n<p style=\"text-align: justify;\">1. hely <strong>Persaits-P\u00f3sa \u00c1d\u00e1m<\/strong> 6.a,\u00a0 felk\u00e9sz\u00edt\u0151 tan\u00e1ra: <em><strong>Cegl\u00e9di Anna<\/strong><\/em><br \/>\n3. hely <strong>M\u00e9sz\u00e1ros Vivien<\/strong> 8.c, felk\u00e9sz\u00edt\u0151 tan\u00e1ra: <em><strong>Bal\u00e1zsn\u00e9 Szelezs\u00e1n M\u00e1ria<\/strong><\/em><\/p>\n<p style=\"text-align: justify;\">Pr\u00f3zai alkot\u00e1sok<\/p>\n<p style=\"text-align: justify;\">1. hely<\/p>\n<p style=\"text-align: justify;\"><strong>Persaits-P\u00f3sa \u00c1d\u00e1m<\/strong> 6.a, felk\u00e9sz\u00edt\u0151 tan\u00e1ra: <em><strong>Cegl\u00e9di Anna<\/strong><\/em><br \/>\n<strong>Papp L\u00e1szl\u00f3<\/strong> 7.a, felk\u00e9sz\u00edt\u0151 tan\u00e1ra: <em><strong>Terhesn\u00e9 Rozik Edit<\/strong><\/em><\/p>\n<p style=\"text-align: justify;\">2. hely<\/p>\n<p style=\"text-align: justify;\"><strong>Varga B\u00e1lint<\/strong> 5.a, felk\u00e9sz\u00edt\u0151 tan\u00e1ra: <em><strong>Terhesn\u00e9 Rozik Edit<\/strong><\/em><br \/>\n<strong>Juh\u00e1sz N\u00f3ra<\/strong> 6.b, felk\u00e9sz\u00edt\u0151 tan\u00e1ra: <em><strong>G\u00e1sp\u00e1r Andrea<\/strong><\/em><\/p>\n<p style=\"text-align: justify;\">Gratul\u00e1lunk a di\u00e1koknak \u00e9s a felk\u00e9sz\u00edt\u0151 tan\u00e1roknak egyar\u00e1nt.<\/p>\n<p style=\"text-align: justify;\">A d\u00edjazott p\u00e1lyam\u0171vek az al\u00e1bbi linken olvashat\u00f3k.<\/p>\n<p>[\/vc_column_text][vc_column_text]<a href=\"https:\/\/www.tiszaparti.hu\/wp-content\/uploads\/2023\/03\/Dedimese-PPA.pdf\" target=\"_blank\" rel=\"noopener\">Persaits-P\u00f3sa \u00c1d\u00e1m: D\u00e9di mese<\/a><\/p>\n<p><a href=\"https:\/\/www.tiszaparti.hu\/wp-content\/uploads\/2023\/03\/Ez-am-a-bojtarelet-PPA.pdf\" target=\"_blank\" rel=\"noopener\">Persaits-P\u00f3sa \u00c1d\u00e1m: Ez \u00e1m a bojt\u00e1r\u00e9let<\/a><\/p>\n<p><a href=\"https:\/\/www.tiszaparti.hu\/wp-content\/uploads\/2023\/03\/Mindennapok-MV.pdf\" target=\"_blank\" rel=\"noopener\">M\u00e9sz\u00e1ros Vivien: Mindennapok<\/a><\/p>\n<p><a href=\"https:\/\/www.tiszaparti.hu\/wp-content\/uploads\/2023\/03\/Papp-Laszlo-Megmenekultunk.pdf\" target=\"_blank\" rel=\"noopener\">Papp L\u00e1szl\u00f3: Megmenek\u00fclt\u00fcnk<\/a><\/p>\n<p><a href=\"https:\/\/www.tiszaparti.hu\/wp-content\/uploads\/2023\/03\/Varga-Balint-A-beszelo-kutya.pdf\" target=\"_blank\" rel=\"noopener\">Varga B\u00e1lint: A besz\u00e9l\u0151 kutya<\/a><\/p>\n<p><a href=\"https:\/\/www.tiszaparti.hu\/wp-content\/uploads\/2023\/03\/Juhasz-Nora_A-matematika-sotet-atka.pdf\" target=\"_blank\" rel=\"noopener\">Juh\u00e1sz N\u00f3ra: A matematika s\u00f6t\u00e9t \u00e1tka<\/a>[\/vc_column_text][vc_gallery type=&#8221;slick_slider&#8221; images=&#8221;20990,20991,20992,20993,20994,20995,21039&#8243;][vc_separator style=&#8221;shadow&#8221;][\/vc_column][vc_column width=&#8221;1\/4&#8243; css=&#8221;.vc_custom_1511336434996{background-color: #f4f4f4 !important;}&#8221;][vc_widget_sidebar sidebar_id=&#8221;default&#8221;][\/vc_column][\/vc_row]<\/p>\n","protected":false},"excerpt":{"rendered":"<p>[vc_row][vc_column width=&#8221;3\/4&#8243; css=&#8221;.vc_custom_1511336420303{background-color: #f4ecde !important;}&#8221;][vc_separator style=&#8221;shadow&#8221;][vc_column_text] \u201eAz irodalomban nincs l\u00e9zershow, nincs g\u00f6r\u00f6gt\u0171z&#8230; csak te vagy, az \u00edr\u00f3g\u00e9p meg az \u00fcres pap\u00edr. Egyed\u00fcl rajtad m\u00falik, mit alkotsz\u201d \u2013 olvashatjuk egy magyar \u00edr\u00f3 reg\u00e9ny\u00e9ben. Az \u00edr\u00f3g\u00e9pek f\u00f6l\u00f6tt m\u00e1r elj\u00e1rt az id\u0151, \u00fcres pap\u00edrra is egyre ritk\u00e1bban \u00edrunk, viszont alkot\u00f3, kreat\u00edv di\u00e1kokb\u00f3l iskol\u00e1nkban szerencs\u00e9re nincs hi\u00e1ny. A Szegedi [&hellip;]<\/p>\n","protected":false},"author":1,"featured_media":20993,"comment_status":"closed","ping_status":"closed","sticky":false,"template":"","format":"standard","meta":{"footnotes":""},"categories":[1],"tags":[],"class_list":["post-20975","post","type-post","status-publish","format-standard","has-post-thumbnail","hentry","category-hirek"],"_links":{"self":[{"href":"https:\/\/www.tiszaparti.hu\/index.php\/wp-json\/wp\/v2\/posts\/20975","targetHints":{"allow":["GET"]}}],"collection":[{"href":"https:\/\/www.tiszaparti.hu\/index.php\/wp-json\/wp\/v2\/posts"}],"about":[{"href":"https:\/\/www.tiszaparti.hu\/index.php\/wp-json\/wp\/v2\/types\/post"}],"author":[{"embeddable":true,"href":"https:\/\/www.tiszaparti.hu\/index.php\/wp-json\/wp\/v2\/users\/1"}],"replies":[{"embeddable":true,"href":"https:\/\/www.tiszaparti.hu\/index.php\/wp-json\/wp\/v2\/comments?post=20975"}],"version-history":[{"count":0,"href":"https:\/\/www.tiszaparti.hu\/index.php\/wp-json\/wp\/v2\/posts\/20975\/revisions"}],"wp:featuredmedia":[{"embeddable":true,"href":"https:\/\/www.tiszaparti.hu\/index.php\/wp-json\/wp\/v2\/media\/20993"}],"wp:attachment":[{"href":"https:\/\/www.tiszaparti.hu\/index.php\/wp-json\/wp\/v2\/media?parent=20975"}],"wp:term":[{"taxonomy":"category","embeddable":true,"href":"https:\/\/www.tiszaparti.hu\/index.php\/wp-json\/wp\/v2\/categories?post=20975"},{"taxonomy":"post_tag","embeddable":true,"href":"https:\/\/www.tiszaparti.hu\/index.php\/wp-json\/wp\/v2\/tags?post=20975"}],"curies":[{"name":"wp","href":"https:\/\/api.w.org\/{rel}","templated":true}]}}