{"id":21034,"date":"2023-03-09T05:59:37","date_gmt":"2023-03-09T05:59:37","guid":{"rendered":"https:\/\/www.tiszaparti.hu\/?p=21034"},"modified":"2023-03-21T09:17:50","modified_gmt":"2023-03-21T09:17:50","slug":"varmegyeiegyenisakkdiakolimpia","status":"publish","type":"post","link":"https:\/\/www.tiszaparti.hu\/index.php\/2023\/03\/09\/varmegyeiegyenisakkdiakolimpia\/","title":{"rendered":"Csongr\u00e1d-Csan\u00e1d V\u00e1rmegyei egy\u00e9ni sakk di\u00e1kolimpia eredm\u00e9nyei"},"content":{"rendered":"<p>[vc_row][vc_column width=&#8221;3\/4&#8243; css=&#8221;.vc_custom_1511336420303{background-color: #f4ecde !important;}&#8221;][vc_separator style=&#8221;shadow&#8221;][vc_column_text]A megyei di\u00e1kolimpiai megm\u00e9rettet\u00e9sen a Tisza-parti \u00c1ltal\u00e1nos Iskola 32 tanul\u00f3val vett r\u00e9szt.<\/p>\n<p>Az orsz\u00e1gos d\u00f6nt\u0151be 8 di\u00e1kunk jutott tov\u00e1bb.<\/p>\n<p>Eredm\u00e9nyeink:<\/p>\n<p><span style=\"text-decoration: underline; color: #33cccc;\"><strong>L\u00e1nyok:<\/strong><\/span><\/p>\n<p><span style=\"color: #33cccc;\"><strong>II. korcsoport<\/strong><\/span><br \/>\n<em><strong>1. hely: Vadkerti Anna 3.a &#8211; orsz\u00e1gos d\u00f6nt\u0151be jutott<\/strong><\/em><br \/>\n6. hely: Papp-Deli Kamilla 3.b<br \/>\n9. hely: Szab\u00f3 Gl\u00f3ria Fl\u00f3ra 3.a<\/p>\n<p><span style=\"color: #33cccc;\"><strong>III. korcsoport<\/strong><\/span><br \/>\n6. hely: Arsenovic Petra 4.b<\/p>\n<p><span style=\"color: #33cccc;\"><strong>III. korcsoport: versenyz\u0151i kateg\u00f3ria<\/strong><\/span><br \/>\n<em><strong>1. hely: Vadkert Bori 5.a &#8211; orsz\u00e1gos d\u00f6nt\u0151be jutott<\/strong><\/em><\/p>\n<p><span style=\"text-decoration: underline; color: #33cccc;\"><strong>Fi\u00fak:<\/strong><\/span><\/p>\n<p><span style=\"color: #33cccc;\"><strong>I. korcsoport<\/strong><\/span><br \/>\n<em><strong>1. hely: Papp-Deli Marcell 2.b &#8211; orsz\u00e1gos d\u00f6nt\u0151be jutott<\/strong><\/em><br \/>\n<em><strong>2. hely: B\u00e9li Don\u00e1t 1.b &#8211; orsz\u00e1gos d\u00f6nt\u0151be jutott<\/strong><\/em><br \/>\n<em><strong>3. hely: B\u00e9l\u00e1di L\u0151rinc 2.a &#8211; orsz\u00e1gos d\u00f6nt\u0151be jutott<\/strong><\/em><br \/>\n5. hely: Mark\u00f3 Milos 2.a<br \/>\n10. hely: Prorok Benedek J\u00e1nos 1.c<br \/>\n13. hely: Egri Benedek 1.a<\/p>\n<p><span style=\"color: #33cccc;\"><strong>II. korcsoport<\/strong><\/span><br \/>\n<em><strong>3. hely: K\u00e1rm\u00e1n Mih\u00e1ly 3.a &#8211; orsz\u00e1gos d\u00f6nt\u0151be jutott<\/strong><\/em><br \/>\n7. hely: Farkas M\u00e1t\u00e9 G\u00e1bor 3.a<br \/>\n8. hely: B\u00e9li M\u00e1rk 3.b<br \/>\n9. hely: Mohl Rajmund 4.a<br \/>\n11. hely: Klein Zsombor 2.a<br \/>\n12. hely: Oravecz B\u00e1tony 2.a<br \/>\n15. hely: Szolomajer Mark 2.a<br \/>\n17. hely: Weng Yucheng 2.a<br \/>\n18. hely: K\u0151kuti Bence 2.a<br \/>\n20. hely: Varga \u00c1kos 3.c<br \/>\n22. hely: Koll\u00e1r D\u00e1vid Mil\u00e1n 2.a<br \/>\n25. hely: Heged\u00fcs Levente 2.c<br \/>\n27. hely: P\u00e1lus L\u00f3r\u00e1nd 2.c<br \/>\n30. hely: Tak\u00e1cs \u00c1ron 2.c<br \/>\n35. hely: Nagy \u00c1d\u00e1m 2.a<\/p>\n<p><span style=\"color: #33cccc;\"><strong>III. korcsoport:<\/strong><\/span><br \/>\n13. hely: Somogyi M\u00e1t\u00e9 Rich\u00e1rd 4.a<\/p>\n<p><span style=\"color: #33cccc;\"><strong>III. korcsoport: versenyz\u0151i kateg\u00f3ria<\/strong><\/span><br \/>\n<em><strong>1. hely: M\u00e9sz\u00e1ros-Csonka D\u00e1vid 4.a &#8211; orsz\u00e1gos d\u00f6nt\u0151be jutott<\/strong><\/em><br \/>\n<em><strong>2. hely: K\u00e1rm\u00e1n Gergely 6.a &#8211; orsz\u00e1gos d\u00f6nt\u0151be jutott<\/strong><\/em><\/p>\n<p><span style=\"color: #33cccc;\"><strong>IV. korcsoport:<\/strong><\/span><br \/>\n3. hely: Miszori M\u00e1rton 6.a<br \/>\n7. hely: Makai \u00c1kos 6.a<\/p>\n<p><span style=\"color: #33cccc;\"><strong>IV. korcsoport: versenyz\u0151i kateg\u00f3ria<\/strong><\/span><br \/>\n6. hely: K\u00e1ntor R\u00f3bert 7.a<\/p>\n<p><strong>Gratul\u00e1lunk a kimagasl\u00f3 teljes\u00edtm\u00e9nyekhez!<\/strong><\/p>\n<p><em>Horv\u00e1th Zsolt <\/em><br \/>\n<em>sakkmester<\/em>[\/vc_column_text][vc_separator style=&#8221;shadow&#8221;][\/vc_column][vc_column width=&#8221;1\/4&#8243; css=&#8221;.vc_custom_1511336434996{background-color: #f4f4f4 !important;}&#8221;][vc_widget_sidebar sidebar_id=&#8221;default&#8221;][\/vc_column][\/vc_row]<\/p>\n","protected":false},"excerpt":{"rendered":"<p>[vc_row][vc_column width=&#8221;3\/4&#8243; css=&#8221;.vc_custom_1511336420303{background-color: #f4ecde !important;}&#8221;][vc_separator style=&#8221;shadow&#8221;][vc_column_text]A megyei di\u00e1kolimpiai megm\u00e9rettet\u00e9sen a Tisza-parti \u00c1ltal\u00e1nos Iskola 32 tanul\u00f3val vett r\u00e9szt. Az orsz\u00e1gos d\u00f6nt\u0151be 8 di\u00e1kunk jutott tov\u00e1bb. Eredm\u00e9nyeink: L\u00e1nyok: II. korcsoport 1. hely: Vadkerti Anna 3.a &#8211; orsz\u00e1gos d\u00f6nt\u0151be jutott 6. hely: Papp-Deli Kamilla 3.b 9. hely: Szab\u00f3 Gl\u00f3ria Fl\u00f3ra 3.a III. korcsoport 6. hely: Arsenovic Petra 4.b [&hellip;]<\/p>\n","protected":false},"author":1,"featured_media":18265,"comment_status":"closed","ping_status":"closed","sticky":false,"template":"","format":"standard","meta":{"footnotes":""},"categories":[1],"tags":[],"class_list":["post-21034","post","type-post","status-publish","format-standard","has-post-thumbnail","hentry","category-hirek"],"_links":{"self":[{"href":"https:\/\/www.tiszaparti.hu\/index.php\/wp-json\/wp\/v2\/posts\/21034","targetHints":{"allow":["GET"]}}],"collection":[{"href":"https:\/\/www.tiszaparti.hu\/index.php\/wp-json\/wp\/v2\/posts"}],"about":[{"href":"https:\/\/www.tiszaparti.hu\/index.php\/wp-json\/wp\/v2\/types\/post"}],"author":[{"embeddable":true,"href":"https:\/\/www.tiszaparti.hu\/index.php\/wp-json\/wp\/v2\/users\/1"}],"replies":[{"embeddable":true,"href":"https:\/\/www.tiszaparti.hu\/index.php\/wp-json\/wp\/v2\/comments?post=21034"}],"version-history":[{"count":0,"href":"https:\/\/www.tiszaparti.hu\/index.php\/wp-json\/wp\/v2\/posts\/21034\/revisions"}],"wp:featuredmedia":[{"embeddable":true,"href":"https:\/\/www.tiszaparti.hu\/index.php\/wp-json\/wp\/v2\/media\/18265"}],"wp:attachment":[{"href":"https:\/\/www.tiszaparti.hu\/index.php\/wp-json\/wp\/v2\/media?parent=21034"}],"wp:term":[{"taxonomy":"category","embeddable":true,"href":"https:\/\/www.tiszaparti.hu\/index.php\/wp-json\/wp\/v2\/categories?post=21034"},{"taxonomy":"post_tag","embeddable":true,"href":"https:\/\/www.tiszaparti.hu\/index.php\/wp-json\/wp\/v2\/tags?post=21034"}],"curies":[{"name":"wp","href":"https:\/\/api.w.org\/{rel}","templated":true}]}}