{"id":21185,"date":"2023-04-24T07:01:24","date_gmt":"2023-04-24T07:01:24","guid":{"rendered":"https:\/\/www.tiszaparti.hu\/?p=21185"},"modified":"2023-04-24T07:01:24","modified_gmt":"2023-04-24T07:01:24","slug":"kispalyaslabdarugodiakolimpia","status":"publish","type":"post","link":"https:\/\/www.tiszaparti.hu\/index.php\/2023\/04\/24\/kispalyaslabdarugodiakolimpia\/","title":{"rendered":"Kisp\u00e1ly\u00e1s Labdar\u00fag\u00f3 Di\u00e1kolimpia"},"content":{"rendered":"<p>[vc_row][vc_column width=&#8221;3\/4&#8243; css=&#8221;.vc_custom_1511336420303{background-color: #f4ecde !important;}&#8221;][vc_separator style=&#8221;shadow&#8221;][vc_column_text]<\/p>\n<p style=\"text-align: justify;\">\u00c1prilis 4-\u00e9n rendezt\u00e9k meg a Kisp\u00e1ly\u00e1s Labdar\u00fag\u00f3 Di\u00e1kolimpia m\u00e1sodik v\u00e1rosi fordul\u00f3j\u00e1t. Ezen a sorozaton kiz\u00e1r\u00f3lag nyolcadikosaink k\u00e9pviselt\u00e9k az iskol\u00e1t. \u00a0A lej\u00e1tszott h\u00e1rom m\u00e9rk\u0151z\u00e9sb\u0151l egyet megnyert\u00fcnk, kett\u0151 viszont veres\u00e9ggel z\u00e1rult. B\u00e1r a tov\u00e1bbjut\u00e1s \u00edgy nem siker\u00fclt, de di\u00e1kjaink lelkesen j\u00e1tszottak, tisztesen helyt\u00e1lltak a versenyen.<\/p>\n<p><em><u>Csapattagok:<\/u><\/em><\/p>\n<p>\u00c1brah\u00e1m R\u00f3bert<\/p>\n<p>Bokros Barnab\u00e1s<\/p>\n<p>Cs\u00edk D\u00e1vid<\/p>\n<p>Fejes Benedek<\/p>\n<p>Matic D\u00e1vid<\/p>\n<p>Mogyor\u00f3si \u00c1ron<\/p>\n<p>Laurinyecz M\u00e1rk\u00f3<\/p>\n<p>&nbsp;<\/p>\n<p><em>Kanalas D\u00e1vid, testnevel\u0151<\/em>[\/vc_column_text][vc_separator style=&#8221;shadow&#8221;][\/vc_column][vc_column width=&#8221;1\/4&#8243; css=&#8221;.vc_custom_1511336434996{background-color: #f4f4f4 !important;}&#8221;][vc_widget_sidebar sidebar_id=&#8221;default&#8221;][\/vc_column][\/vc_row]<\/p>\n","protected":false},"excerpt":{"rendered":"<p>[vc_row][vc_column width=&#8221;3\/4&#8243; css=&#8221;.vc_custom_1511336420303{background-color: #f4ecde !important;}&#8221;][vc_separator style=&#8221;shadow&#8221;][vc_column_text] \u00c1prilis 4-\u00e9n rendezt\u00e9k meg a Kisp\u00e1ly\u00e1s Labdar\u00fag\u00f3 Di\u00e1kolimpia m\u00e1sodik v\u00e1rosi fordul\u00f3j\u00e1t. Ezen a sorozaton kiz\u00e1r\u00f3lag nyolcadikosaink k\u00e9pviselt\u00e9k az iskol\u00e1t. \u00a0A lej\u00e1tszott h\u00e1rom m\u00e9rk\u0151z\u00e9sb\u0151l egyet megnyert\u00fcnk, kett\u0151 viszont veres\u00e9ggel z\u00e1rult. B\u00e1r a tov\u00e1bbjut\u00e1s \u00edgy nem siker\u00fclt, de di\u00e1kjaink lelkesen j\u00e1tszottak, tisztesen helyt\u00e1lltak a versenyen. Csapattagok: \u00c1brah\u00e1m R\u00f3bert Bokros Barnab\u00e1s Cs\u00edk [&hellip;]<\/p>\n","protected":false},"author":1,"featured_media":21188,"comment_status":"closed","ping_status":"closed","sticky":false,"template":"","format":"standard","meta":{"footnotes":""},"categories":[1],"tags":[],"class_list":["post-21185","post","type-post","status-publish","format-standard","has-post-thumbnail","hentry","category-hirek"],"_links":{"self":[{"href":"https:\/\/www.tiszaparti.hu\/index.php\/wp-json\/wp\/v2\/posts\/21185","targetHints":{"allow":["GET"]}}],"collection":[{"href":"https:\/\/www.tiszaparti.hu\/index.php\/wp-json\/wp\/v2\/posts"}],"about":[{"href":"https:\/\/www.tiszaparti.hu\/index.php\/wp-json\/wp\/v2\/types\/post"}],"author":[{"embeddable":true,"href":"https:\/\/www.tiszaparti.hu\/index.php\/wp-json\/wp\/v2\/users\/1"}],"replies":[{"embeddable":true,"href":"https:\/\/www.tiszaparti.hu\/index.php\/wp-json\/wp\/v2\/comments?post=21185"}],"version-history":[{"count":0,"href":"https:\/\/www.tiszaparti.hu\/index.php\/wp-json\/wp\/v2\/posts\/21185\/revisions"}],"wp:featuredmedia":[{"embeddable":true,"href":"https:\/\/www.tiszaparti.hu\/index.php\/wp-json\/wp\/v2\/media\/21188"}],"wp:attachment":[{"href":"https:\/\/www.tiszaparti.hu\/index.php\/wp-json\/wp\/v2\/media?parent=21185"}],"wp:term":[{"taxonomy":"category","embeddable":true,"href":"https:\/\/www.tiszaparti.hu\/index.php\/wp-json\/wp\/v2\/categories?post=21185"},{"taxonomy":"post_tag","embeddable":true,"href":"https:\/\/www.tiszaparti.hu\/index.php\/wp-json\/wp\/v2\/tags?post=21185"}],"curies":[{"name":"wp","href":"https:\/\/api.w.org\/{rel}","templated":true}]}}