{"id":21536,"date":"2023-06-21T06:55:34","date_gmt":"2023-06-21T06:55:34","guid":{"rendered":"https:\/\/www.tiszaparti.hu\/?p=21536"},"modified":"2023-06-21T07:20:40","modified_gmt":"2023-06-21T07:20:40","slug":"elballagtunk","status":"publish","type":"post","link":"https:\/\/www.tiszaparti.hu\/index.php\/2023\/06\/21\/elballagtunk\/","title":{"rendered":"Elballagtunk \u2026"},"content":{"rendered":"<p>[vc_row][vc_column width=&#8221;3\/4&#8243; css=&#8221;.vc_custom_1511336420303{background-color: #f4ecde !important;}&#8221;][vc_separator style=&#8221;shadow&#8221;][vc_column_text]<\/p>\n<p style=\"text-align: center;\"><strong>2015 &#8211; 2023<\/strong><\/p>\n<p style=\"text-align: justify;\"><em>Rep\u00fcl az id\u0151!<\/em> S az \u00e9vek mintha val\u00f3ban sz\u00e1rnyra kaptak volna, lez\u00e1rult a h\u00e1rom ballag\u00f3 oszt\u00e1ly Tisza-partis korszaka.<br \/>\nAz elm\u00falt nyolc \u00e9v sokkal t\u00f6bb volt, mint puszta tanul\u00e1s. Di\u00e1kjaink bar\u00e1ts\u00e1gokat k\u00f6t\u00f6ttek, kapcsolatokat \u00e9p\u00edtettek, megtanult\u00e1k a csapatmunk\u00e1t, \u00e9s \u00e9letre sz\u00f3l\u00f3 eml\u00e9kekkel gazdagodtak.<br \/>\nB\u00facs\u00fabesz\u00e9d\u00fckben k\u00f6sz\u00f6netet mondtak tan\u00e1raiknak, oszt\u00e1lyf\u0151n\u00f6keiknek az\u00e9rt a p\u00e9ld\u00e1\u00e9rt, melyet 8 \u00e9ven \u00e1t mutattak, a tud\u00e1s\u00e9rt, amit sz\u00e1mukra \u00e1tadtak, az\u00e9rt a felbecs\u00fclhetetlen \u00e9rt\u00e9k\u0171 munk\u00e1\u00e9rt, mellyel felk\u00e9sz\u00edtett\u00e9k \u0151ket a sikeres k\u00f6z\u00e9piskolai felv\u00e9telire.<br \/>\nMeghat\u00f3 szavakkal fogalmazt\u00e1k meg sz\u00fcleik t\u00e1mogat\u00e1sa, gondoskod\u00f3 szeretete ir\u00e1nti h\u00e1l\u00e1jukat, mint ahogy a Tisza-partihoz f\u0171z\u0151d\u0151 \u00e9rzelmi k\u00f6t\u0151d\u00e9s\u00fcket is: \u201e<em>Maradn\u00e1nk m\u00e9g, mert itt j\u00f3l \u00e9rezz\u00fck magunkat, biztons\u00e1gban vagyunk. Aligha k\u00edv\u00e1nhatn\u00e1nk jobb iskol\u00e1t, tan\u00e1rokat, oszt\u00e1lyt\u00e1rsakat.\u201d<\/em><\/p>\n<p style=\"text-align: justify;\">Schaller Gy\u00f6rgyi int\u00e9zm\u00e9nyvezet\u0151 k\u00f6sz\u00f6nt\u0151 szavait szem\u00e9lyess\u00e9 tette a di\u00e1kok hol humoros, hol \u00e9rzelmes eml\u00e9keinek felid\u00e9z\u00e9se. A ballag\u00f3k sz\u00e1m\u00e1ra \u00e1tadott elismer\u00e9sek: oklevelek, k\u00f6nyvutalv\u00e1nyok, valamint a legkiemelked\u0151bb tanul\u00f3knak j\u00e1r\u00f3 d\u00edjak, a Pro Bono Publico \u00e9s a Tisza-parti \u00c1ltal\u00e1nos Iskola \u00c9rdemes Di\u00e1kja c\u00edm oda\u00edt\u00e9l\u00e9se felemel\u0151 pillanatokat hozott.<\/p>\n<p style=\"text-align: justify;\">Az \u00fcnnepi jelenl\u00e9tben a m\u00falt felid\u00e9z\u00e9se mellett ugyanakkor j\u00f3l \u00e9rz\u00e9kelhet\u0151 volt a v\u00e1rakoz\u00e1s a m\u00e9g ismeretlen, sz\u00e1mtalan \u00faj lehet\u0151s\u00e9get rejt\u0151 vil\u00e1g ir\u00e1nt, ahogyan ez az \u00e1ltaluk v\u00e1lasztott id\u00e9zetekben is h\u00edven t\u00fckr\u00f6z\u0151dik:<\/p>\n<p style=\"text-align: justify;\"><em>\u201e\u2026ha holnap lesz az utols\u00f3 nap, ez m\u00e1r akkor is \u00edgy marad,<\/em><br \/>\n<em>veled j\u00f6ttek a sz\u00e9p id\u0151k, oh, bar\u00e1tom!\u201d<\/em><\/p>\n<p style=\"text-align: justify;\"><em>\u00a0\u00a0\u00a0\u00a0\u00a0\u00a0\u00a0\u00a0\u00a0\u00a0\u00a0\u00a0\u00a0\u00a0\u00a0\u00a0\u00a0\u00a0\u00a0\u00a0\u00a0\u00a0\u00a0\u00a0\u00a0\u00a0\u00a0\u00a0\u00a0\u00a0\u00a0\u00a0\u00a0\u00a0\u00a0\u00a0\u00a0\u00a0\u00a0\u00a0\u00a0\u00a0\u00a0\u00a0\u00a0\u00a0\u00a0\u00a0\u00a0\u00a0\u00a0\u00a0\u00a0\u00a0\u00a0\u00a0\u00a0\u00a0 <\/em>8.a oszt\u00e1ly \u2013 Wellhello<\/p>\n<p style=\"text-align: justify;\"><em>\u201e\u00c9lj \u00fagy, mintha ma lenne az utols\u00f3 napod.<\/em><br \/>\n<em>Tanulj \u00fagy, mintha \u00f6r\u00f6kk\u00e9 \u00e9ln\u00e9l!\u201d<\/em><\/p>\n<p style=\"text-align: justify;\"><em>\u00a0\u00a0\u00a0\u00a0\u00a0\u00a0\u00a0\u00a0\u00a0\u00a0\u00a0\u00a0\u00a0\u00a0\u00a0\u00a0\u00a0\u00a0\u00a0\u00a0\u00a0\u00a0\u00a0\u00a0\u00a0\u00a0\u00a0\u00a0\u00a0\u00a0\u00a0\u00a0\u00a0\u00a0\u00a0\u00a0\u00a0\u00a0\u00a0\u00a0\u00a0\u00a0\u00a0\u00a0\u00a0\u00a0\u00a0\u00a0\u00a0\u00a0\u00a0\u00a0\u00a0\u00a0\u00a0\u00a0\u00a0\u00a0 <\/em>8.b oszt\u00e1ly \u2013 Mahatma Gandhi<\/p>\n<p style=\"text-align: justify;\"><em>\u201eAz \u00e9let egy utaz\u00e1s. Rajtunk m\u00falik, hogy mik\u00e9pp<\/em><br \/>\n<em>haladunk: csak \u00e1ramlunk az \u00e1rral, vagy k\u00f6vetj\u00fck<\/em><br \/>\n<em>saj\u00e1t \u00e1lmainkat.\u201d<\/em><\/p>\n<p style=\"text-align: justify;\"><em>\u00a0\u00a0\u00a0\u00a0\u00a0\u00a0\u00a0\u00a0\u00a0\u00a0\u00a0\u00a0\u00a0\u00a0\u00a0\u00a0\u00a0\u00a0\u00a0\u00a0\u00a0\u00a0\u00a0\u00a0\u00a0\u00a0\u00a0\u00a0\u00a0\u00a0\u00a0\u00a0\u00a0\u00a0\u00a0\u00a0\u00a0\u00a0\u00a0\u00a0\u00a0\u00a0\u00a0\u00a0\u00a0\u00a0\u00a0\u00a0\u00a0\u00a0\u00a0\u00a0\u00a0\u00a0\u00a0\u00a0\u00a0\u00a0 <\/em>8.c oszt\u00e1ly \u2013 Paulo Coelho<\/p>\n<p style=\"text-align: justify;\">K\u00edv\u00e1njuk, hogy legyenek kitart\u00f3ak, b\u00e1trak, c\u00e9ltudatosak! Tegy\u00e9k f\u00e9lre aggodalmaikat, \u00e9s higgyenek abban, hogy nagy dolgok el\u00e9r\u00e9s\u00e9re hivatottak!<\/p>\n<p style=\"text-align: justify;\"><em>Bal\u00e1zsn\u00e9 Szelezs\u00e1n M\u00e1ria, F\u00fczesyn\u00e9 Bozs\u00f3 \u00c9va, Papp-Szab\u00f3 Zsuzsanna (a ballag\u00f3k oszt\u00e1lyf\u0151n\u00f6kei)<\/em><\/p>\n<p>[\/vc_column_text][vc_gallery type=&#8221;slick_slider&#8221; images=&#8221;21556,21557,21558,21559,21560,21561,21562,21563,21564,21565,21566,21567,21568,21569,21570,21571,21572,21573,21574,21575&#8243;][vc_gallery type=&#8221;slick_slider&#8221; images=&#8221;21615&#8243;][vc_gallery type=&#8221;slick_slider&#8221; images=&#8221;21576,21577,21578,21579,21580,21581,21582,21583,21584,21585,21586,21587,21588,21589,21590,21591,21592,21593,21594&#8243;][vc_separator style=&#8221;shadow&#8221;][\/vc_column][vc_column width=&#8221;1\/4&#8243; css=&#8221;.vc_custom_1511336434996{background-color: #f4f4f4 !important;}&#8221;][vc_widget_sidebar sidebar_id=&#8221;default&#8221;][\/vc_column][\/vc_row]<\/p>\n","protected":false},"excerpt":{"rendered":"<p>[vc_row][vc_column width=&#8221;3\/4&#8243; css=&#8221;.vc_custom_1511336420303{background-color: #f4ecde !important;}&#8221;][vc_separator style=&#8221;shadow&#8221;][vc_column_text] 2015 &#8211; 2023 Rep\u00fcl az id\u0151! S az \u00e9vek mintha val\u00f3ban sz\u00e1rnyra kaptak volna, lez\u00e1rult a h\u00e1rom ballag\u00f3 oszt\u00e1ly Tisza-partis korszaka. Az elm\u00falt nyolc \u00e9v sokkal t\u00f6bb volt, mint puszta tanul\u00e1s. Di\u00e1kjaink bar\u00e1ts\u00e1gokat k\u00f6t\u00f6ttek, kapcsolatokat \u00e9p\u00edtettek, megtanult\u00e1k a csapatmunk\u00e1t, \u00e9s \u00e9letre sz\u00f3l\u00f3 eml\u00e9kekkel gazdagodtak. B\u00facs\u00fabesz\u00e9d\u00fckben k\u00f6sz\u00f6netet mondtak tan\u00e1raiknak, oszt\u00e1lyf\u0151n\u00f6keiknek [&hellip;]<\/p>\n","protected":false},"author":1,"featured_media":21594,"comment_status":"closed","ping_status":"closed","sticky":false,"template":"","format":"standard","meta":{"footnotes":""},"categories":[1],"tags":[],"class_list":["post-21536","post","type-post","status-publish","format-standard","has-post-thumbnail","hentry","category-hirek"],"_links":{"self":[{"href":"https:\/\/www.tiszaparti.hu\/index.php\/wp-json\/wp\/v2\/posts\/21536","targetHints":{"allow":["GET"]}}],"collection":[{"href":"https:\/\/www.tiszaparti.hu\/index.php\/wp-json\/wp\/v2\/posts"}],"about":[{"href":"https:\/\/www.tiszaparti.hu\/index.php\/wp-json\/wp\/v2\/types\/post"}],"author":[{"embeddable":true,"href":"https:\/\/www.tiszaparti.hu\/index.php\/wp-json\/wp\/v2\/users\/1"}],"replies":[{"embeddable":true,"href":"https:\/\/www.tiszaparti.hu\/index.php\/wp-json\/wp\/v2\/comments?post=21536"}],"version-history":[{"count":0,"href":"https:\/\/www.tiszaparti.hu\/index.php\/wp-json\/wp\/v2\/posts\/21536\/revisions"}],"wp:featuredmedia":[{"embeddable":true,"href":"https:\/\/www.tiszaparti.hu\/index.php\/wp-json\/wp\/v2\/media\/21594"}],"wp:attachment":[{"href":"https:\/\/www.tiszaparti.hu\/index.php\/wp-json\/wp\/v2\/media?parent=21536"}],"wp:term":[{"taxonomy":"category","embeddable":true,"href":"https:\/\/www.tiszaparti.hu\/index.php\/wp-json\/wp\/v2\/categories?post=21536"},{"taxonomy":"post_tag","embeddable":true,"href":"https:\/\/www.tiszaparti.hu\/index.php\/wp-json\/wp\/v2\/tags?post=21536"}],"curies":[{"name":"wp","href":"https:\/\/api.w.org\/{rel}","templated":true}]}}