{"id":21806,"date":"2023-09-06T09:43:04","date_gmt":"2023-09-06T09:43:04","guid":{"rendered":"https:\/\/www.tiszaparti.hu\/?p=21806"},"modified":"2023-09-28T06:27:44","modified_gmt":"2023-09-28T06:27:44","slug":"ujraaziskolaban","status":"publish","type":"post","link":"https:\/\/www.tiszaparti.hu\/index.php\/2023\/09\/06\/ujraaziskolaban\/","title":{"rendered":"\u00dajra az iskol\u00e1ban"},"content":{"rendered":"<p>[vc_row][vc_column width=&#8221;3\/4&#8243; css=&#8221;.vc_custom_1511336420303{background-color: #f4ecde !important;}&#8221;][vc_separator style=&#8221;shadow&#8221;][vc_column_text]<\/p>\n<p style=\"text-align: justify;\">Szeptember 1-j\u00e9n a megszokott m\u00f3don, tan\u00e9vnyit\u00f3 \u00fcnneps\u00e9ggel ind\u00edtottuk a 2023-2024-es tan\u00e9vet.<br \/>\nA 4. oszt\u00e1lyos tanul\u00f3k sz\u00ednvonalas \u00e9s sz\u00f3rakoztat\u00f3 m\u0171sort \u00e1ll\u00edtottak \u00f6ssze di\u00e1kt\u00e1rsaik, a pedag\u00f3gusok, a sz\u00fcl\u0151k \u00e9s a kis els\u0151s\u00f6k sz\u00e1m\u00e1ra. A legkisebbek az els\u0151 sorb\u00f3l figyelhett\u00e9k \u00e9s hallgathatt\u00e1k az \u00fcnneps\u00e9get, melyben helyet kapott n\u00e9h\u00e1ny vers, egy fuvolaegy\u00fcttes-produkci\u00f3, 2 zongoradarab \u00e9s term\u00e9szetesen az \u00e9nekkar hangulatos dala is.<br \/>\nAz el\u0151ad\u00e1sban r\u00e9sztvev\u0151 els\u0151s\u00f6k nagy b\u00e1tors\u00e1gr\u00f3l tettek tan\u00fabizonys\u00e1got: a versmond\u00e1st \u00e9ppen olyan magabiztosan v\u00e1llalt\u00e1k, mint a zongoradarab elj\u00e1tsz\u00e1s\u00e1t.<br \/>\nEzen a tan\u00e9vnyit\u00f3n is megsz\u00f3lalt a &#8222;Tisza-partis dal&#8221;, mely nem csup\u00e1n az els\u0151s\u00f6k, hanem valamennyi di\u00e1kunk sz\u00e1m\u00e1ra k\u00f6zvet\u00edtette azt a b\u00e1tor\u00edt\u00f3 \u00e9s megnyugtat\u00f3 \u00fczenetet, hogy j\u00f3 ehhez a k\u00f6z\u00f6ss\u00e9ghez tartozni. Mindezt igaz\u00e1n nagy \u00e1t\u00e9l\u00e9ssel \u00e9s \u00f6r\u00f6mmel \u00e9nekelt\u00e9k a gyerekek.<\/p>\n<p style=\"text-align: justify;\">Schaller Gy\u00f6rgyi igazgat\u00f3n\u0151 tan\u00e9vnyit\u00f3, k\u00f6sz\u00f6nt\u0151 szavai ut\u00e1n kezdet\u00e9t vette az \u00faj tan\u00e9v, melyhez, tan\u00e1rok \u00e9s di\u00e1kok sz\u00e1m\u00e1ra is, a Tisza-partis dal \u00fczenet\u00e9vel k\u00edv\u00e1nunk sok sikert:<\/p>\n<p style=\"text-align: justify;\"><em>&#8222;L\u00e9gy te is Tisza-partis! <\/em><br \/>\n<em>Ugye te is tudod, hogy ez a legjobb suli? <\/em><br \/>\n<em>Mert ha ide j\u00e1rsz, <\/em><br \/>\n<em>minden nap m\u00f3ka \u00e9s kacag\u00e1s v\u00e1r.&#8221;<\/em><\/p>\n<p style=\"text-align: justify;\"><em>Benedek Judit<\/em><\/p>\n<p>[\/vc_column_text][vc_gallery type=&#8221;slick_slider&#8221; images=&#8221;21808,21809,21810,21811,22037,21813,21814,21815,21816,21817,21818,21819,21820,21821,21822,21823,21824,21825,21826,21827,21828,21829,22038&#8243;][vc_separator style=&#8221;shadow&#8221;][\/vc_column][vc_column width=&#8221;1\/4&#8243; css=&#8221;.vc_custom_1511336434996{background-color: #f4f4f4 !important;}&#8221;][vc_widget_sidebar sidebar_id=&#8221;default&#8221;][\/vc_column][\/vc_row]<\/p>\n","protected":false},"excerpt":{"rendered":"<p>[vc_row][vc_column width=&#8221;3\/4&#8243; css=&#8221;.vc_custom_1511336420303{background-color: #f4ecde !important;}&#8221;][vc_separator style=&#8221;shadow&#8221;][vc_column_text] Szeptember 1-j\u00e9n a megszokott m\u00f3don, tan\u00e9vnyit\u00f3 \u00fcnneps\u00e9ggel ind\u00edtottuk a 2023-2024-es tan\u00e9vet. A 4. oszt\u00e1lyos tanul\u00f3k sz\u00ednvonalas \u00e9s sz\u00f3rakoztat\u00f3 m\u0171sort \u00e1ll\u00edtottak \u00f6ssze di\u00e1kt\u00e1rsaik, a pedag\u00f3gusok, a sz\u00fcl\u0151k \u00e9s a kis els\u0151s\u00f6k sz\u00e1m\u00e1ra. A legkisebbek az els\u0151 sorb\u00f3l figyelhett\u00e9k \u00e9s hallgathatt\u00e1k az \u00fcnneps\u00e9get, melyben helyet kapott n\u00e9h\u00e1ny vers, egy fuvolaegy\u00fcttes-produkci\u00f3, 2 [&hellip;]<\/p>\n","protected":false},"author":1,"featured_media":21818,"comment_status":"closed","ping_status":"closed","sticky":false,"template":"","format":"standard","meta":{"footnotes":""},"categories":[1],"tags":[],"class_list":["post-21806","post","type-post","status-publish","format-standard","has-post-thumbnail","hentry","category-hirek"],"_links":{"self":[{"href":"https:\/\/www.tiszaparti.hu\/index.php\/wp-json\/wp\/v2\/posts\/21806","targetHints":{"allow":["GET"]}}],"collection":[{"href":"https:\/\/www.tiszaparti.hu\/index.php\/wp-json\/wp\/v2\/posts"}],"about":[{"href":"https:\/\/www.tiszaparti.hu\/index.php\/wp-json\/wp\/v2\/types\/post"}],"author":[{"embeddable":true,"href":"https:\/\/www.tiszaparti.hu\/index.php\/wp-json\/wp\/v2\/users\/1"}],"replies":[{"embeddable":true,"href":"https:\/\/www.tiszaparti.hu\/index.php\/wp-json\/wp\/v2\/comments?post=21806"}],"version-history":[{"count":0,"href":"https:\/\/www.tiszaparti.hu\/index.php\/wp-json\/wp\/v2\/posts\/21806\/revisions"}],"wp:featuredmedia":[{"embeddable":true,"href":"https:\/\/www.tiszaparti.hu\/index.php\/wp-json\/wp\/v2\/media\/21818"}],"wp:attachment":[{"href":"https:\/\/www.tiszaparti.hu\/index.php\/wp-json\/wp\/v2\/media?parent=21806"}],"wp:term":[{"taxonomy":"category","embeddable":true,"href":"https:\/\/www.tiszaparti.hu\/index.php\/wp-json\/wp\/v2\/categories?post=21806"},{"taxonomy":"post_tag","embeddable":true,"href":"https:\/\/www.tiszaparti.hu\/index.php\/wp-json\/wp\/v2\/tags?post=21806"}],"curies":[{"name":"wp","href":"https:\/\/api.w.org\/{rel}","templated":true}]}}