{"id":22841,"date":"2024-04-15T10:18:25","date_gmt":"2024-04-15T10:18:25","guid":{"rendered":"https:\/\/www.tiszaparti.hu\/?p=22841"},"modified":"2024-04-15T10:18:25","modified_gmt":"2024-04-15T10:18:25","slug":"atletikaisikereink","status":"publish","type":"post","link":"https:\/\/www.tiszaparti.hu\/index.php\/2024\/04\/15\/atletikaisikereink\/","title":{"rendered":"Atl\u00e9tikai sikereink"},"content":{"rendered":"<p>[vc_row][vc_column width=&#8221;3\/4&#8243; css=&#8221;.vc_custom_1511336420303{background-color: #f4ecde !important;}&#8221;][vc_separator style=&#8221;shadow&#8221;][vc_column_text]2024. \u00e1prilis 10-\u00e9n a<em> mezei fut\u00f3bajnoks\u00e1g di\u00e1kolimpia<\/em> G\u00f6d\u00f6ll\u0151n megrendezett <em>orsz\u00e1gos verseny\u00e9re<\/em> k\u00e9t tanul\u00f3nk is kvalifik\u00e1ltatta mag\u00e1t.<\/p>\n<p>III. korcsoportban<strong> Pauk M\u00e1t\u00e9<\/strong> 6.a oszt\u00e1lyos tanul\u00f3 a <strong>9. helyet<\/strong> szerezte meg,<br \/>\nIV. korcsoportban <strong>Cziner Sz\u00f3fia<\/strong> 8.b oszt\u00e1lyos tanul\u00f3 a <strong>22. helyen<\/strong> v\u00e9gzett.<\/p>\n<p>Gratul\u00e1lunk a kiemelked\u0151 teljes\u00edtm\u00e9nyhez!<\/p>\n<p><em>Szil\u00e1gyi N\u00f3ra (testnevel\u0151)<\/em>[\/vc_column_text][vc_gallery type=&#8221;slick_slider&#8221; images=&#8221;22846,22847&#8243;][vc_separator style=&#8221;shadow&#8221;][\/vc_column][vc_column width=&#8221;1\/4&#8243; css=&#8221;.vc_custom_1511336434996{background-color: #f4f4f4 !important;}&#8221;][vc_widget_sidebar sidebar_id=&#8221;default&#8221;][\/vc_column][\/vc_row]<\/p>\n","protected":false},"excerpt":{"rendered":"<p>[vc_row][vc_column width=&#8221;3\/4&#8243; css=&#8221;.vc_custom_1511336420303{background-color: #f4ecde !important;}&#8221;][vc_separator style=&#8221;shadow&#8221;][vc_column_text]2024. \u00e1prilis 10-\u00e9n a mezei fut\u00f3bajnoks\u00e1g di\u00e1kolimpia G\u00f6d\u00f6ll\u0151n megrendezett orsz\u00e1gos verseny\u00e9re k\u00e9t tanul\u00f3nk is kvalifik\u00e1ltatta mag\u00e1t. III. korcsoportban Pauk M\u00e1t\u00e9 6.a oszt\u00e1lyos tanul\u00f3 a 9. helyet szerezte meg, IV. korcsoportban Cziner Sz\u00f3fia 8.b oszt\u00e1lyos tanul\u00f3 a 22. helyen v\u00e9gzett. Gratul\u00e1lunk a kiemelked\u0151 teljes\u00edtm\u00e9nyhez! Szil\u00e1gyi N\u00f3ra (testnevel\u0151)[\/vc_column_text][vc_gallery type=&#8221;slick_slider&#8221; images=&#8221;22846,22847&#8243;][vc_separator style=&#8221;shadow&#8221;][\/vc_column][vc_column width=&#8221;1\/4&#8243; [&hellip;]<\/p>\n","protected":false},"author":1,"featured_media":22103,"comment_status":"closed","ping_status":"closed","sticky":false,"template":"","format":"standard","meta":{"footnotes":""},"categories":[1],"tags":[],"class_list":["post-22841","post","type-post","status-publish","format-standard","has-post-thumbnail","hentry","category-hirek"],"_links":{"self":[{"href":"https:\/\/www.tiszaparti.hu\/index.php\/wp-json\/wp\/v2\/posts\/22841","targetHints":{"allow":["GET"]}}],"collection":[{"href":"https:\/\/www.tiszaparti.hu\/index.php\/wp-json\/wp\/v2\/posts"}],"about":[{"href":"https:\/\/www.tiszaparti.hu\/index.php\/wp-json\/wp\/v2\/types\/post"}],"author":[{"embeddable":true,"href":"https:\/\/www.tiszaparti.hu\/index.php\/wp-json\/wp\/v2\/users\/1"}],"replies":[{"embeddable":true,"href":"https:\/\/www.tiszaparti.hu\/index.php\/wp-json\/wp\/v2\/comments?post=22841"}],"version-history":[{"count":0,"href":"https:\/\/www.tiszaparti.hu\/index.php\/wp-json\/wp\/v2\/posts\/22841\/revisions"}],"wp:featuredmedia":[{"embeddable":true,"href":"https:\/\/www.tiszaparti.hu\/index.php\/wp-json\/wp\/v2\/media\/22103"}],"wp:attachment":[{"href":"https:\/\/www.tiszaparti.hu\/index.php\/wp-json\/wp\/v2\/media?parent=22841"}],"wp:term":[{"taxonomy":"category","embeddable":true,"href":"https:\/\/www.tiszaparti.hu\/index.php\/wp-json\/wp\/v2\/categories?post=22841"},{"taxonomy":"post_tag","embeddable":true,"href":"https:\/\/www.tiszaparti.hu\/index.php\/wp-json\/wp\/v2\/tags?post=22841"}],"curies":[{"name":"wp","href":"https:\/\/api.w.org\/{rel}","templated":true}]}}