{"id":22975,"date":"2024-04-23T07:39:30","date_gmt":"2024-04-23T07:39:30","guid":{"rendered":"https:\/\/www.tiszaparti.hu\/?p=22975"},"modified":"2024-04-23T07:39:43","modified_gmt":"2024-04-23T07:39:43","slug":"halaszferenctehetsegkutato","status":"publish","type":"post","link":"https:\/\/www.tiszaparti.hu\/index.php\/2024\/04\/23\/halaszferenctehetsegkutato\/","title":{"rendered":"Hal\u00e1sz Ferenc tehets\u00e9gkutat\u00f3 verseny"},"content":{"rendered":"<p>[vc_row][vc_column width=&#8221;3\/4&#8243; css=&#8221;.vc_custom_1511336420303{background-color: #f4ecde !important;}&#8221;][vc_separator style=&#8221;shadow&#8221;][vc_column_text]<\/p>\n<p style=\"text-align: justify;\">2024. \u00e1prilis 15-\u00e9n a Kir\u00e1ly-K\u00f6nig P\u00e9ter Zeneiskol\u00e1ban rendezt\u00e9k meg m\u00e1sodik alkalommal a\u00a0 Hal\u00e1sz Ferenc tehets\u00e9gkutat\u00f3 versenyt. <strong>S\u00e1nta Krisztina Johanna, 6.a<\/strong> oszt\u00e1lyos tanul\u00f3 is r\u00e9szt vett a megm\u00e9rettet\u00e9sen, \u00e9s ez\u00fcst\u00e9rmet kapott kiv\u00e1l\u00f3 szerepl\u00e9s\u00e9\u00e9rt. K\u00fcl\u00f6n \u00f6r\u00f6m volt sz\u00e1m\u00e1ra, hogy a verseny r\u00e9szek\u00e9nt Bart\u00f3k-du\u00f3t j\u00e1tszhatott Kokas Katalin heged\u0171m\u0171v\u00e9sszel. A tehets\u00e9gkutat\u00f3 d\u00edjazottjai \u00a0heged\u0171 mesterkurzuson \u00e9s zsinag\u00f3gai hangversenyen vehetnek r\u00e9szt Budapesten a ny\u00e1r folyam\u00e1n.<\/p>\n<p style=\"text-align: justify;\">Johanna felk\u00e9sz\u00edt\u0151\u00a0tan\u00e1ra: Kov\u00e1csn\u00e9 T\u00f3th \u00c1gnes, zongor\u00e1n k\u00eds\u00e9rt: V\u00e1g\u00f3-R\u00f3nai Csilla tan\u00e1rn\u0151.<\/p>\n<p style=\"text-align: justify;\"><em>Szil\u00e1gyi N\u00f3ra<\/em><\/p>\n<p>[\/vc_column_text][vc_single_image image=&#8221;22977&#8243; img_size=&#8221;full&#8221; alignment=&#8221;center&#8221;][vc_separator style=&#8221;shadow&#8221;][\/vc_column][vc_column width=&#8221;1\/4&#8243; css=&#8221;.vc_custom_1511336434996{background-color: #f4f4f4 !important;}&#8221;][vc_widget_sidebar sidebar_id=&#8221;default&#8221;][\/vc_column][\/vc_row]<\/p>\n","protected":false},"excerpt":{"rendered":"<p>[vc_row][vc_column width=&#8221;3\/4&#8243; css=&#8221;.vc_custom_1511336420303{background-color: #f4ecde !important;}&#8221;][vc_separator style=&#8221;shadow&#8221;][vc_column_text] 2024. \u00e1prilis 15-\u00e9n a Kir\u00e1ly-K\u00f6nig P\u00e9ter Zeneiskol\u00e1ban rendezt\u00e9k meg m\u00e1sodik alkalommal a\u00a0 Hal\u00e1sz Ferenc tehets\u00e9gkutat\u00f3 versenyt. S\u00e1nta Krisztina Johanna, 6.a oszt\u00e1lyos tanul\u00f3 is r\u00e9szt vett a megm\u00e9rettet\u00e9sen, \u00e9s ez\u00fcst\u00e9rmet kapott kiv\u00e1l\u00f3 szerepl\u00e9s\u00e9\u00e9rt. K\u00fcl\u00f6n \u00f6r\u00f6m volt sz\u00e1m\u00e1ra, hogy a verseny r\u00e9szek\u00e9nt Bart\u00f3k-du\u00f3t j\u00e1tszhatott Kokas Katalin heged\u0171m\u0171v\u00e9sszel. A tehets\u00e9gkutat\u00f3 d\u00edjazottjai \u00a0heged\u0171 [&hellip;]<\/p>\n","protected":false},"author":1,"featured_media":22977,"comment_status":"closed","ping_status":"closed","sticky":false,"template":"","format":"standard","meta":{"footnotes":""},"categories":[1],"tags":[],"class_list":["post-22975","post","type-post","status-publish","format-standard","has-post-thumbnail","hentry","category-hirek"],"_links":{"self":[{"href":"https:\/\/www.tiszaparti.hu\/index.php\/wp-json\/wp\/v2\/posts\/22975","targetHints":{"allow":["GET"]}}],"collection":[{"href":"https:\/\/www.tiszaparti.hu\/index.php\/wp-json\/wp\/v2\/posts"}],"about":[{"href":"https:\/\/www.tiszaparti.hu\/index.php\/wp-json\/wp\/v2\/types\/post"}],"author":[{"embeddable":true,"href":"https:\/\/www.tiszaparti.hu\/index.php\/wp-json\/wp\/v2\/users\/1"}],"replies":[{"embeddable":true,"href":"https:\/\/www.tiszaparti.hu\/index.php\/wp-json\/wp\/v2\/comments?post=22975"}],"version-history":[{"count":0,"href":"https:\/\/www.tiszaparti.hu\/index.php\/wp-json\/wp\/v2\/posts\/22975\/revisions"}],"wp:featuredmedia":[{"embeddable":true,"href":"https:\/\/www.tiszaparti.hu\/index.php\/wp-json\/wp\/v2\/media\/22977"}],"wp:attachment":[{"href":"https:\/\/www.tiszaparti.hu\/index.php\/wp-json\/wp\/v2\/media?parent=22975"}],"wp:term":[{"taxonomy":"category","embeddable":true,"href":"https:\/\/www.tiszaparti.hu\/index.php\/wp-json\/wp\/v2\/categories?post=22975"},{"taxonomy":"post_tag","embeddable":true,"href":"https:\/\/www.tiszaparti.hu\/index.php\/wp-json\/wp\/v2\/tags?post=22975"}],"curies":[{"name":"wp","href":"https:\/\/api.w.org\/{rel}","templated":true}]}}