{"id":23453,"date":"2024-09-05T13:30:50","date_gmt":"2024-09-05T13:30:50","guid":{"rendered":"https:\/\/www.tiszaparti.hu\/?p=23453"},"modified":"2024-09-05T13:30:50","modified_gmt":"2024-09-05T13:30:50","slug":"tanevnyito2024","status":"publish","type":"post","link":"https:\/\/www.tiszaparti.hu\/index.php\/2024\/09\/05\/tanevnyito2024\/","title":{"rendered":"Tan\u00e9vnyit\u00f3"},"content":{"rendered":"<p>[vc_row][vc_column width=&#8221;3\/4&#8243; css=&#8221;.vc_custom_1511336420303{background-color: #f4ecde !important;}&#8221;][vc_separator style=&#8221;shadow&#8221;][vc_column_text]<\/p>\n<p style=\"text-align: justify;\">Szeptember 2-\u00e1n a 4. oszt\u00e1lyos tanul\u00f3k sz\u00ednvonalas m\u0171sora ind\u00edtotta el a 2024-2025-\u00f6s tan\u00e9vet. Az \u00fcnneps\u00e9g alatt iskol\u00e1nk \u00e9nekkar\u00e1nak hangulatos dalai csend\u00fcltek fel, valamint verseket, furulya- \u00e9s zongorael\u0151ad\u00e1st hallgathattak meg iskol\u00e1nk tanul\u00f3i, pedag\u00f3gus koll\u00e9g\u00e1ink, illetve a sz\u00fcl\u0151k.<\/p>\n<p style=\"text-align: justify;\">Az \u00fcnnepi m\u0171sor k\u00fcl\u00f6n\u00f6sen kedves \u00e9s meghat\u00f3 pillanata volt az els\u0151 oszt\u00e1lyos di\u00e1kok k\u00f6sz\u00f6nt\u00e9se.<\/p>\n<p style=\"text-align: justify;\">Schaller Gy\u00f6rgyi igazgat\u00f3n\u0151 biztat\u00f3 \u00e9s b\u00e1tor\u00edt\u00f3 szavakkal nyitotta meg a tan\u00e9vet.<\/p>\n<p style=\"text-align: justify;\">Sok sikert k\u00edv\u00e1nunk iskol\u00e1nk minden di\u00e1kj\u00e1nak 2024\/2025-ben is!<\/p>\n<p style=\"text-align: justify;\"><em>Korm\u00e1nyos Nikoletta, Kucsera Szuzanna, K\u00f6r\u00f6ndi Leona M\u00e1ria<\/em><\/p>\n<p>[\/vc_column_text][vc_gallery type=&#8221;slick_slider&#8221; images=&#8221;23456,23457,23458,23459,23460,23461,23462,23463,23464,23465,23466,23467,23468,23469,23470,23471,23472,23473,23474,23475,23476,23477,23478,23479,23480&#8243;][vc_separator style=&#8221;shadow&#8221;][\/vc_column][vc_column width=&#8221;1\/4&#8243; css=&#8221;.vc_custom_1511336434996{background-color: #f4f4f4 !important;}&#8221;][vc_widget_sidebar sidebar_id=&#8221;default&#8221;][\/vc_column][\/vc_row]<\/p>\n","protected":false},"excerpt":{"rendered":"<p>[vc_row][vc_column width=&#8221;3\/4&#8243; css=&#8221;.vc_custom_1511336420303{background-color: #f4ecde !important;}&#8221;][vc_separator style=&#8221;shadow&#8221;][vc_column_text] Szeptember 2-\u00e1n a 4. oszt\u00e1lyos tanul\u00f3k sz\u00ednvonalas m\u0171sora ind\u00edtotta el a 2024-2025-\u00f6s tan\u00e9vet. Az \u00fcnneps\u00e9g alatt iskol\u00e1nk \u00e9nekkar\u00e1nak hangulatos dalai csend\u00fcltek fel, valamint verseket, furulya- \u00e9s zongorael\u0151ad\u00e1st hallgathattak meg iskol\u00e1nk tanul\u00f3i, pedag\u00f3gus koll\u00e9g\u00e1ink, illetve a sz\u00fcl\u0151k. Az \u00fcnnepi m\u0171sor k\u00fcl\u00f6n\u00f6sen kedves \u00e9s meghat\u00f3 pillanata volt az els\u0151 oszt\u00e1lyos di\u00e1kok [&hellip;]<\/p>\n","protected":false},"author":1,"featured_media":23470,"comment_status":"closed","ping_status":"closed","sticky":false,"template":"","format":"standard","meta":{"footnotes":""},"categories":[1],"tags":[],"class_list":["post-23453","post","type-post","status-publish","format-standard","has-post-thumbnail","hentry","category-hirek"],"_links":{"self":[{"href":"https:\/\/www.tiszaparti.hu\/index.php\/wp-json\/wp\/v2\/posts\/23453","targetHints":{"allow":["GET"]}}],"collection":[{"href":"https:\/\/www.tiszaparti.hu\/index.php\/wp-json\/wp\/v2\/posts"}],"about":[{"href":"https:\/\/www.tiszaparti.hu\/index.php\/wp-json\/wp\/v2\/types\/post"}],"author":[{"embeddable":true,"href":"https:\/\/www.tiszaparti.hu\/index.php\/wp-json\/wp\/v2\/users\/1"}],"replies":[{"embeddable":true,"href":"https:\/\/www.tiszaparti.hu\/index.php\/wp-json\/wp\/v2\/comments?post=23453"}],"version-history":[{"count":0,"href":"https:\/\/www.tiszaparti.hu\/index.php\/wp-json\/wp\/v2\/posts\/23453\/revisions"}],"wp:featuredmedia":[{"embeddable":true,"href":"https:\/\/www.tiszaparti.hu\/index.php\/wp-json\/wp\/v2\/media\/23470"}],"wp:attachment":[{"href":"https:\/\/www.tiszaparti.hu\/index.php\/wp-json\/wp\/v2\/media?parent=23453"}],"wp:term":[{"taxonomy":"category","embeddable":true,"href":"https:\/\/www.tiszaparti.hu\/index.php\/wp-json\/wp\/v2\/categories?post=23453"},{"taxonomy":"post_tag","embeddable":true,"href":"https:\/\/www.tiszaparti.hu\/index.php\/wp-json\/wp\/v2\/tags?post=23453"}],"curies":[{"name":"wp","href":"https:\/\/api.w.org\/{rel}","templated":true}]}}