{"id":23816,"date":"2024-10-17T08:29:30","date_gmt":"2024-10-17T08:29:30","guid":{"rendered":"https:\/\/www.tiszaparti.hu\/?p=23816"},"modified":"2024-10-17T08:29:30","modified_gmt":"2024-10-17T08:29:30","slug":"osziiskolakert","status":"publish","type":"post","link":"https:\/\/www.tiszaparti.hu\/index.php\/2024\/10\/17\/osziiskolakert\/","title":{"rendered":"\u0150szi iskolakert &#8211; foglalkoz\u00e1s \u00f3vod\u00e1soknak"},"content":{"rendered":"<p>[vc_row][vc_column width=&#8221;3\/4&#8243; css=&#8221;.vc_custom_1511336420303{background-color: #f4ecde !important;}&#8221;][vc_separator style=&#8221;shadow&#8221;][vc_column_text]<\/p>\n<p style=\"text-align: justify;\">A k\u00f6rny\u00e9k \u00f3vod\u00e1inak meghirdetett az \u201e\u00d3vod\u00e1b\u00f3l az iskol\u00e1ba\u201d programsorozat els\u0151 esem\u00e9nyek\u00e9nt iskol\u00e1nk Oktat\u00f3b\u00e1zis\u00e1ban, f\u0171szer- \u00e9s gy\u00f3gyn\u00f6v\u00e9nykert\u00fcnkben fogadtuk a Tisza-parti, Vedres \u00e9s a B\u00e9rkert Utcai \u00d3voda nagycsoportosait.<\/p>\n<p style=\"text-align: justify;\">A sz\u00ednvonalas \u00e9lm\u00e9nypedag\u00f3giai foglalkoz\u00e1sokat Papp Tibor pedag\u00f3giai asszisztens tartotta Feigl L\u00e1szl\u00f3n\u00e9 tan\u00edt\u00f3n\u0151 k\u00f6zrem\u0171k\u00f6d\u00e9s\u00e9vel.<\/p>\n<p style=\"text-align: justify;\">A csodasz\u00e9p \u0151szi id\u0151ben f\u0171szern\u00f6v\u00e9nyek felismer\u00e9s\u00e9ben, z\u00f6lds\u00e9gf\u00e9l\u00e9k sz\u00fcretel\u00e9s\u00e9ben, s\u00fcn od\u00fak \u201eberendez\u00e9s\u00e9ben\u201d vettek r\u00e9szt a kicsik. A szorgos kezek seg\u00edts\u00e9g\u00e9vel megteltek a kosarak burgony\u00e1val. A bog\u00e1rhotel bemutat\u00e1sa k\u00f6zben \u00edzeltl\u00e1b\u00faakr\u00f3l k\u00e9sz\u00fclt k\u00e9pek felismer\u00e9se volt a feladat, a rovarok azonos\u00edt\u00e1sa ut\u00e1n besz\u00e9lgett\u00fcnk azok hasznos, illetve k\u00e1ros jelenl\u00e9t\u00fckr\u0151l. Mad\u00e1retet\u0151inket felt\u00f6lt\u00f6tt\u00fck \u00e9lelemmel.<\/p>\n<p style=\"text-align: justify;\">Az interakt\u00edv foglalkoz\u00e1sok seg\u00edtett\u00e9k a gyerekek k\u00f6rnyezettudatos szeml\u00e9let\u00e9nek fejl\u0151d\u00e9s\u00e9t. Az ovisok betekinthettek iskolai \u00e9let\u00fcnkbe, a k\u00f6rnyezeti nevel\u00e9s gyakorlati lehet\u0151s\u00e9geibe.<br \/>\nMinden csoportot megaj\u00e1nd\u00e9koztunk f\u00e1b\u00f3l k\u00e9sz\u00fclt dekor falevelekkel, amelyeket a nap folytat\u00e1sak\u00e9nt az \u00f3vod\u00e1ban kisz\u00ednezhettek.<br \/>\nK\u00edv\u00e1ncsian k\u00f3stolgatt\u00e1k a levendula sz\u00f6rp\u00f6t \u00e9s a menta te\u00e1t is.<\/p>\n<p style=\"text-align: justify;\">A gyerekek sz\u00edvesen \u00e9s lelkesen vettek r\u00e9szt a foglakoz\u00e1sokon.<\/p>\n<p>[\/vc_column_text][vc_gallery type=&#8221;slick_slider&#8221; images=&#8221;23818,23819,23820,23821,23822,23823,23824,23825,23826,23827,23828,23829,23830,23831&#8243;][vc_separator style=&#8221;shadow&#8221;][\/vc_column][vc_column width=&#8221;1\/4&#8243; css=&#8221;.vc_custom_1511336434996{background-color: #f4f4f4 !important;}&#8221;][vc_widget_sidebar sidebar_id=&#8221;default&#8221;][\/vc_column][\/vc_row]<\/p>\n","protected":false},"excerpt":{"rendered":"<p>[vc_row][vc_column width=&#8221;3\/4&#8243; css=&#8221;.vc_custom_1511336420303{background-color: #f4ecde !important;}&#8221;][vc_separator style=&#8221;shadow&#8221;][vc_column_text] A k\u00f6rny\u00e9k \u00f3vod\u00e1inak meghirdetett az \u201e\u00d3vod\u00e1b\u00f3l az iskol\u00e1ba\u201d programsorozat els\u0151 esem\u00e9nyek\u00e9nt iskol\u00e1nk Oktat\u00f3b\u00e1zis\u00e1ban, f\u0171szer- \u00e9s gy\u00f3gyn\u00f6v\u00e9nykert\u00fcnkben fogadtuk a Tisza-parti, Vedres \u00e9s a B\u00e9rkert Utcai \u00d3voda nagycsoportosait. A sz\u00ednvonalas \u00e9lm\u00e9nypedag\u00f3giai foglalkoz\u00e1sokat Papp Tibor pedag\u00f3giai asszisztens tartotta Feigl L\u00e1szl\u00f3n\u00e9 tan\u00edt\u00f3n\u0151 k\u00f6zrem\u0171k\u00f6d\u00e9s\u00e9vel. A csodasz\u00e9p \u0151szi id\u0151ben f\u0171szern\u00f6v\u00e9nyek felismer\u00e9s\u00e9ben, z\u00f6lds\u00e9gf\u00e9l\u00e9k sz\u00fcretel\u00e9s\u00e9ben, s\u00fcn od\u00fak [&hellip;]<\/p>\n","protected":false},"author":1,"featured_media":23819,"comment_status":"closed","ping_status":"closed","sticky":false,"template":"","format":"standard","meta":{"footnotes":""},"categories":[1],"tags":[],"class_list":["post-23816","post","type-post","status-publish","format-standard","has-post-thumbnail","hentry","category-hirek"],"_links":{"self":[{"href":"https:\/\/www.tiszaparti.hu\/index.php\/wp-json\/wp\/v2\/posts\/23816","targetHints":{"allow":["GET"]}}],"collection":[{"href":"https:\/\/www.tiszaparti.hu\/index.php\/wp-json\/wp\/v2\/posts"}],"about":[{"href":"https:\/\/www.tiszaparti.hu\/index.php\/wp-json\/wp\/v2\/types\/post"}],"author":[{"embeddable":true,"href":"https:\/\/www.tiszaparti.hu\/index.php\/wp-json\/wp\/v2\/users\/1"}],"replies":[{"embeddable":true,"href":"https:\/\/www.tiszaparti.hu\/index.php\/wp-json\/wp\/v2\/comments?post=23816"}],"version-history":[{"count":0,"href":"https:\/\/www.tiszaparti.hu\/index.php\/wp-json\/wp\/v2\/posts\/23816\/revisions"}],"wp:featuredmedia":[{"embeddable":true,"href":"https:\/\/www.tiszaparti.hu\/index.php\/wp-json\/wp\/v2\/media\/23819"}],"wp:attachment":[{"href":"https:\/\/www.tiszaparti.hu\/index.php\/wp-json\/wp\/v2\/media?parent=23816"}],"wp:term":[{"taxonomy":"category","embeddable":true,"href":"https:\/\/www.tiszaparti.hu\/index.php\/wp-json\/wp\/v2\/categories?post=23816"},{"taxonomy":"post_tag","embeddable":true,"href":"https:\/\/www.tiszaparti.hu\/index.php\/wp-json\/wp\/v2\/tags?post=23816"}],"curies":[{"name":"wp","href":"https:\/\/api.w.org\/{rel}","templated":true}]}}