{"id":24008,"date":"2024-12-03T11:34:07","date_gmt":"2024-12-03T11:34:07","guid":{"rendered":"https:\/\/www.tiszaparti.hu\/?p=24008"},"modified":"2024-12-03T11:34:07","modified_gmt":"2024-12-03T11:34:07","slug":"alsosversmondoverseny","status":"publish","type":"post","link":"https:\/\/www.tiszaparti.hu\/index.php\/2024\/12\/03\/alsosversmondoverseny\/","title":{"rendered":"Als\u00f3s versmond\u00f3 verseny"},"content":{"rendered":"<p>[vc_row][vc_column width=&#8221;3\/4&#8243; css=&#8221;.vc_custom_1511336420303{background-color: #f4ecde !important;}&#8221;][vc_separator style=&#8221;shadow&#8221;][vc_column_text]<\/p>\n<p style=\"text-align: justify;\">November 28-\u00e1n a Tisza-parti \u00c1ltal\u00e1nos Iskol\u00e1ban nagy izgalommal v\u00e1rt\u00e1k a tanul\u00f3k \u00e9s tan\u00e1raik a hagyom\u00e1nyos versmond\u00f3 versenyt. Az esem\u00e9nyen az iskola legtehets\u00e9gesebb di\u00e1kjai mutatt\u00e1k be kedvenc verseiket.<\/p>\n<p style=\"text-align: justify;\">Az 1 &#8211; 2. \u00e9vfolyamosok k\u00f6z\u00fcl <strong>V\u00e1czy-Delley Krist\u00f3f<\/strong>, a 2.b oszt\u00e1ly tanul\u00f3ja szerezte meg csod\u00e1latos el\u0151ad\u00e1s\u00e1val az els\u0151 helyez\u00e9st. A m\u00e1sodik helyen holtverseny alakult ki, \u00edgy <strong>B\u00f6d\u0151 Alexa \u00e9s Horv\u00e1th Benedek<\/strong>, mindketten az 1.a oszt\u00e1lyb\u00f3l, osztoztak a dics\u0151s\u00e9gen. A harmadik helyet <strong>K\u0151kuti D\u00e9nes<\/strong>, 2.a oszt\u00e1lyos tanul\u00f3 \u00e9rdemelte ki.<\/p>\n<p style=\"text-align: justify;\">A 3 &#8211; 4. \u00e9vfolyamosok mez\u0151ny\u00e9ben <strong>Kardos Lili<\/strong>, a 4.c oszt\u00e1ly tanul\u00f3ja lett a gy\u0151ztes, aki szavalat\u00e1val a zs\u0171rit \u00e9s a k\u00f6z\u00f6ns\u00e9get egyar\u00e1nt leny\u0171g\u00f6zte. M\u00e1sodik helyen <strong>Klein J\u00e1zmin<\/strong> 4.a \u00e9s <strong>Hajdara Szofi<\/strong> 4. c oszt\u00e1lyos tanul\u00f3 v\u00e9gzett. A harmadik helyet K<strong>azi Dominik 4.a \u00e9s Janka Mirjam<\/strong> 4.b oszt\u00e1lyos tanul\u00f3 szerezte meg.<\/p>\n<p style=\"text-align: justify;\">A zs\u0171ri elismer\u00e9ssel sz\u00f3lt a r\u00e9sztvev\u0151k magas sz\u00ednvonal\u00fa el\u0151ad\u00e1sair\u00f3l, \u00e9s m\u00e9ltatta a lelkes felk\u00e9sz\u00fcl\u00e9s\u00fcket is.<\/p>\n<p style=\"text-align: justify;\">A verseny nemcsak a tehets\u00e9gek bemutat\u00e1s\u00e1ra adott lehet\u0151s\u00e9get, hanem az irodalom szeretet\u00e9t is tov\u00e1bb er\u0151s\u00edti iskol\u00e1nkban.<\/p>\n<p style=\"text-align: justify;\"><em>Franczia Be\u00e1ta<\/em><br \/>\n<em>als\u00f3s munkak\u00f6z\u00f6ss\u00e9g<\/em><\/p>\n<p>[\/vc_column_text][vc_gallery type=&#8221;slick_slider&#8221; images=&#8221;24011,24012,24013,24014,24015,24016,24017,24018,24019&#8243;][vc_separator style=&#8221;shadow&#8221;][\/vc_column][vc_column width=&#8221;1\/4&#8243; css=&#8221;.vc_custom_1511336434996{background-color: #f4f4f4 !important;}&#8221;][vc_widget_sidebar sidebar_id=&#8221;default&#8221;][\/vc_column][\/vc_row]<\/p>\n","protected":false},"excerpt":{"rendered":"<p>[vc_row][vc_column width=&#8221;3\/4&#8243; css=&#8221;.vc_custom_1511336420303{background-color: #f4ecde !important;}&#8221;][vc_separator style=&#8221;shadow&#8221;][vc_column_text] November 28-\u00e1n a Tisza-parti \u00c1ltal\u00e1nos Iskol\u00e1ban nagy izgalommal v\u00e1rt\u00e1k a tanul\u00f3k \u00e9s tan\u00e1raik a hagyom\u00e1nyos versmond\u00f3 versenyt. Az esem\u00e9nyen az iskola legtehets\u00e9gesebb di\u00e1kjai mutatt\u00e1k be kedvenc verseiket. Az 1 &#8211; 2. \u00e9vfolyamosok k\u00f6z\u00fcl V\u00e1czy-Delley Krist\u00f3f, a 2.b oszt\u00e1ly tanul\u00f3ja szerezte meg csod\u00e1latos el\u0151ad\u00e1s\u00e1val az els\u0151 helyez\u00e9st. A m\u00e1sodik helyen [&hellip;]<\/p>\n","protected":false},"author":1,"featured_media":24015,"comment_status":"closed","ping_status":"closed","sticky":false,"template":"","format":"standard","meta":{"footnotes":""},"categories":[1],"tags":[],"class_list":["post-24008","post","type-post","status-publish","format-standard","has-post-thumbnail","hentry","category-hirek"],"_links":{"self":[{"href":"https:\/\/www.tiszaparti.hu\/index.php\/wp-json\/wp\/v2\/posts\/24008","targetHints":{"allow":["GET"]}}],"collection":[{"href":"https:\/\/www.tiszaparti.hu\/index.php\/wp-json\/wp\/v2\/posts"}],"about":[{"href":"https:\/\/www.tiszaparti.hu\/index.php\/wp-json\/wp\/v2\/types\/post"}],"author":[{"embeddable":true,"href":"https:\/\/www.tiszaparti.hu\/index.php\/wp-json\/wp\/v2\/users\/1"}],"replies":[{"embeddable":true,"href":"https:\/\/www.tiszaparti.hu\/index.php\/wp-json\/wp\/v2\/comments?post=24008"}],"version-history":[{"count":0,"href":"https:\/\/www.tiszaparti.hu\/index.php\/wp-json\/wp\/v2\/posts\/24008\/revisions"}],"wp:featuredmedia":[{"embeddable":true,"href":"https:\/\/www.tiszaparti.hu\/index.php\/wp-json\/wp\/v2\/media\/24015"}],"wp:attachment":[{"href":"https:\/\/www.tiszaparti.hu\/index.php\/wp-json\/wp\/v2\/media?parent=24008"}],"wp:term":[{"taxonomy":"category","embeddable":true,"href":"https:\/\/www.tiszaparti.hu\/index.php\/wp-json\/wp\/v2\/categories?post=24008"},{"taxonomy":"post_tag","embeddable":true,"href":"https:\/\/www.tiszaparti.hu\/index.php\/wp-json\/wp\/v2\/tags?post=24008"}],"curies":[{"name":"wp","href":"https:\/\/api.w.org\/{rel}","templated":true}]}}