{"id":2427,"date":"2016-01-13T13:51:04","date_gmt":"2016-01-13T13:51:04","guid":{"rendered":"http:\/\/www.tiszaparti.hu\/?p=2427"},"modified":"2016-01-13T13:52:22","modified_gmt":"2016-01-13T13:52:22","slug":"tanuloink-nemzetkozi-vizilabdatorna-sikerei","status":"publish","type":"post","link":"https:\/\/www.tiszaparti.hu\/index.php\/2016\/01\/13\/tanuloink-nemzetkozi-vizilabdatorna-sikerei\/","title":{"rendered":"Tanul\u00f3ink nemzetk\u00f6zi v\u00edzilabdatorna sikerei"},"content":{"rendered":"<p>[vc_row][vc_column width=&#8221;3\/4&#8243;][vc_column_text]<strong>Tanul\u00f3ink nemzetk\u00f6zi v\u00edzilabdatorna sikerei<\/strong><\/p>\n<p>A Szegedi V\u00edzipol\u00f3 Suli sz\u00edneiben v\u00edzilabd\u00e1z\u00f3 Lakatos Soma 6.b, Farkas P\u00e9ter 6.b, Sipos Botond 7.a \u00e9s Vojn\u00e1r Gerg\u0151 6. a oszt\u00e1lyos tanul\u00f3ink sikeresen szerepeltek az olaszorsz\u00e1gi Lignanoban szervezett ut\u00e1np\u00f3tl\u00e1s-v\u00edzilabdatorn\u00e1n.<\/p>\n<p>A remek\u00fcl szerepl\u0151 2003-as koroszt\u00e1lyos csapat tan\u00edtv\u00e1nyainkkal a 6. helyez\u00e9st \u00e9rte el a viadalon.<\/p>\n<p><strong>Gratul\u00e1lunk a csapatnak!<\/strong><\/p>\n<p><strong><a href=\"http:\/\/www.delmagyar.hu\/sport\/hatodik_lett_lignanoban_a_mentalfitol_szvps\/2458657\/\" target=\"_blank\">B\u0150VEBBEN<\/a><\/strong>[\/vc_column_text][\/vc_column][vc_column width=&#8221;1\/4&#8243;][vc_widget_sidebar sidebar_id=&#8221;default&#8221;][\/vc_column][\/vc_row]<\/p>\n","protected":false},"excerpt":{"rendered":"<p>[vc_row][vc_column width=&#8221;3\/4&#8243;][vc_column_text]Tanul\u00f3ink nemzetk\u00f6zi v\u00edzilabdatorna sikerei A Szegedi V\u00edzipol\u00f3 Suli sz\u00edneiben v\u00edzilabd\u00e1z\u00f3 Lakatos Soma 6.b, Farkas P\u00e9ter 6.b, Sipos Botond 7.a \u00e9s Vojn\u00e1r Gerg\u0151 6. a oszt\u00e1lyos tanul\u00f3ink sikeresen szerepeltek az olaszorsz\u00e1gi Lignanoban szervezett ut\u00e1np\u00f3tl\u00e1s-v\u00edzilabdatorn\u00e1n. A remek\u00fcl szerepl\u0151 2003-as koroszt\u00e1lyos csapat tan\u00edtv\u00e1nyainkkal a 6. helyez\u00e9st \u00e9rte el a viadalon. Gratul\u00e1lunk a csapatnak! B\u0150VEBBEN[\/vc_column_text][\/vc_column][vc_column width=&#8221;1\/4&#8243;][vc_widget_sidebar sidebar_id=&#8221;default&#8221;][\/vc_column][\/vc_row]<\/p>\n","protected":false},"author":1,"featured_media":0,"comment_status":"open","ping_status":"open","sticky":false,"template":"","format":"standard","meta":{"footnotes":""},"categories":[1],"tags":[],"class_list":["post-2427","post","type-post","status-publish","format-standard","hentry","category-hirek"],"_links":{"self":[{"href":"https:\/\/www.tiszaparti.hu\/index.php\/wp-json\/wp\/v2\/posts\/2427","targetHints":{"allow":["GET"]}}],"collection":[{"href":"https:\/\/www.tiszaparti.hu\/index.php\/wp-json\/wp\/v2\/posts"}],"about":[{"href":"https:\/\/www.tiszaparti.hu\/index.php\/wp-json\/wp\/v2\/types\/post"}],"author":[{"embeddable":true,"href":"https:\/\/www.tiszaparti.hu\/index.php\/wp-json\/wp\/v2\/users\/1"}],"replies":[{"embeddable":true,"href":"https:\/\/www.tiszaparti.hu\/index.php\/wp-json\/wp\/v2\/comments?post=2427"}],"version-history":[{"count":0,"href":"https:\/\/www.tiszaparti.hu\/index.php\/wp-json\/wp\/v2\/posts\/2427\/revisions"}],"wp:attachment":[{"href":"https:\/\/www.tiszaparti.hu\/index.php\/wp-json\/wp\/v2\/media?parent=2427"}],"wp:term":[{"taxonomy":"category","embeddable":true,"href":"https:\/\/www.tiszaparti.hu\/index.php\/wp-json\/wp\/v2\/categories?post=2427"},{"taxonomy":"post_tag","embeddable":true,"href":"https:\/\/www.tiszaparti.hu\/index.php\/wp-json\/wp\/v2\/tags?post=2427"}],"curies":[{"name":"wp","href":"https:\/\/api.w.org\/{rel}","templated":true}]}}