{"id":24828,"date":"2025-06-30T12:22:13","date_gmt":"2025-06-30T11:22:13","guid":{"rendered":"https:\/\/www.tiszaparti.hu\/?p=24828"},"modified":"2025-06-30T12:22:13","modified_gmt":"2025-06-30T11:22:13","slug":"ballagas2025","status":"publish","type":"post","link":"https:\/\/www.tiszaparti.hu\/index.php\/2025\/06\/30\/ballagas2025\/","title":{"rendered":"Ballag\u00e1s &#8211; 2025"},"content":{"rendered":"<p>[vc_row][vc_column width=&#8221;3\/4&#8243; css=&#8221;.vc_custom_1511336420303{background-color: #f4ecde !important;}&#8221;][vc_separator style=&#8221;shadow&#8221;][vc_column_text]<\/p>\n<h3 style=\"text-align: justify;\"><strong>2017-2025 <\/strong><\/h3>\n<p style=\"text-align: right;\"><em>\u201eHullong\u00f3 tollak voltunk egyed\u00fcl, sz\u00e1rnyak lett\u00fcnk egym\u00e1ssal.\u201d<\/em><br \/>\n<em>\/V\u00e1czi Mih\u00e1ly\/<\/em><\/p>\n<p>&nbsp;<\/p>\n<p style=\"text-align: justify;\">Minden tan\u00e9v egyik legszebb lez\u00e1r\u00e1sa a b\u00facs\u00faz\u00f3 nyolcadikosok elk\u00f6sz\u00f6n\u00e9se iskol\u00e1nkt\u00f3l. Nyolc \u00e9v k\u00f6z\u00f6s \u00f6r\u00f6mei, \u00e9lm\u00e9nyei, vid\u00e1m pillanatai \u00e9s persze k\u00fczdelmei nyernek \u00e9rtelmet ebben a pillanatban.<br \/>\nAz utols\u00f3 cseng\u0151sz\u00f3 most nem a tan\u00f3r\u00e1k befejez\u00e9s\u00e9t jelezte, hanem h\u00edv\u00f3 jel volt az \u00fcnnepi d\u00edszbe \u00f6lt\u00f6ztetett \u00e9p\u00fcletben a tan\u00e1rokt\u00f3l \u00e9s a di\u00e1kt\u00e1rsakt\u00f3l val\u00f3 b\u00facs\u00fara.<br \/>\nA 8.a oszt\u00e1ly Cegl\u00e9di Anna, a 8.b oszt\u00e1ly Kov\u00e1cs Csilla oszt\u00e1lyf\u0151n\u00f6k\u00f6k vezet\u00e9s\u00e9vel vonult az \u00fcnneps\u00e9g helysz\u00edn\u00e9re, a nagy tornaterembe. Az \u00fcnnepi m\u0171sor jellegzetes Tisza-partis hagyom\u00e1nyokat k\u00f6vetve 7.-es \u00e9s 8.-os b\u00facs\u00fabesz\u00e9dekkel, a ballag\u00f3k \u00e9rz\u00e9seit j\u00f3l t\u00fckr\u00f6z\u0151 versekkel, id\u00e9zetekkel, \u00e9s a mindig nagyon v\u00e1rt oszt\u00e1lydalokkal m\u00e9lt\u00f3 lez\u00e1r\u00e1sa volt a nyolc \u00e9vnek.<br \/>\nSchaller Gy\u00f6rgyi igazgat\u00f3 az elm\u00falt 8 \u00e9vet \u00e9rt\u00e9kel\u0151 \u00e9s k\u00f6sz\u00f6nt\u0151 szavainak k\u00fcl\u00f6nleges hangulatot adott a v\u00e9gz\u0151s di\u00e1kok n\u00e9h\u00e1ny humoros visszaeml\u00e9kez\u00e9s\u00e9nek felid\u00e9z\u00e9se. Besz\u00e9de z\u00e1r\u00e1sak\u00e9nt a kiv\u00e1l\u00f3 di\u00e1kok sz\u00e1m\u00e1ra ny\u00fajtotta \u00e1t munk\u00e1juk jutalmak\u00e9nt a k\u00fcl\u00f6nb\u00f6z\u0151 elismer\u00e9seket.<br \/>\nA Tisza-parti trad\u00edci\u00f3j\u00e1nak meghat\u00e1roz\u00f3 esem\u00e9nye az iskola z\u00e1szl\u00f3j\u00e1nak \u00e9s kulcs\u00e1nak \u00fcnnep\u00e9lyes \u00e1tad\u00e1sa a 7. \u00e9vfolyam k\u00e9pvisel\u0151i sz\u00e1m\u00e1ra. A m\u0171sor ut\u00e1n a 8.\u00e9vfolyam di\u00e1kjai \u00e1tvett\u00e9k bizony\u00edtv\u00e1nyaikat.<br \/>\nA meghitt \u00fcnnepi pillanatok folytat\u00e1s\u00e1ra m\u00e1r csal\u00e1di k\u00f6rben ker\u00fclt sor.<\/p>\n<p style=\"text-align: justify;\"><em>Cegl\u00e9di Anna \u00e9s Kov\u00e1cs Csilla<\/em><\/p>\n<p>[\/vc_column_text][vc_column_text]<a href=\"https:\/\/drive.google.com\/drive\/folders\/1O7wVBocUAt3fq85r8b5DyP7IC7Cht5ZD?usp=sharing\" target=\"_blank\" rel=\"noopener\"><span style=\"color: #0000ff;\"><strong>&lt;&lt; K \u00c9 P E K &gt;&gt;<\/strong><\/span><\/a>[\/vc_column_text][vc_separator style=&#8221;shadow&#8221;][\/vc_column][vc_column width=&#8221;1\/4&#8243; css=&#8221;.vc_custom_1511336434996{background-color: #f4f4f4 !important;}&#8221;][vc_widget_sidebar sidebar_id=&#8221;default&#8221;][\/vc_column][\/vc_row]<\/p>\n","protected":false},"excerpt":{"rendered":"<p>[vc_row][vc_column width=&#8221;3\/4&#8243; css=&#8221;.vc_custom_1511336420303{background-color: #f4ecde !important;}&#8221;][vc_separator style=&#8221;shadow&#8221;][vc_column_text] 2017-2025 \u201eHullong\u00f3 tollak voltunk egyed\u00fcl, sz\u00e1rnyak lett\u00fcnk egym\u00e1ssal.\u201d \/V\u00e1czi Mih\u00e1ly\/ &nbsp; Minden tan\u00e9v egyik legszebb lez\u00e1r\u00e1sa a b\u00facs\u00faz\u00f3 nyolcadikosok elk\u00f6sz\u00f6n\u00e9se iskol\u00e1nkt\u00f3l. Nyolc \u00e9v k\u00f6z\u00f6s \u00f6r\u00f6mei, \u00e9lm\u00e9nyei, vid\u00e1m pillanatai \u00e9s persze k\u00fczdelmei nyernek \u00e9rtelmet ebben a pillanatban. Az utols\u00f3 cseng\u0151sz\u00f3 most nem a tan\u00f3r\u00e1k befejez\u00e9s\u00e9t jelezte, hanem h\u00edv\u00f3 jel volt [&hellip;]<\/p>\n","protected":false},"author":1,"featured_media":24832,"comment_status":"closed","ping_status":"closed","sticky":false,"template":"","format":"standard","meta":{"footnotes":""},"categories":[1],"tags":[],"class_list":["post-24828","post","type-post","status-publish","format-standard","has-post-thumbnail","hentry","category-hirek"],"_links":{"self":[{"href":"https:\/\/www.tiszaparti.hu\/index.php\/wp-json\/wp\/v2\/posts\/24828","targetHints":{"allow":["GET"]}}],"collection":[{"href":"https:\/\/www.tiszaparti.hu\/index.php\/wp-json\/wp\/v2\/posts"}],"about":[{"href":"https:\/\/www.tiszaparti.hu\/index.php\/wp-json\/wp\/v2\/types\/post"}],"author":[{"embeddable":true,"href":"https:\/\/www.tiszaparti.hu\/index.php\/wp-json\/wp\/v2\/users\/1"}],"replies":[{"embeddable":true,"href":"https:\/\/www.tiszaparti.hu\/index.php\/wp-json\/wp\/v2\/comments?post=24828"}],"version-history":[{"count":4,"href":"https:\/\/www.tiszaparti.hu\/index.php\/wp-json\/wp\/v2\/posts\/24828\/revisions"}],"predecessor-version":[{"id":24833,"href":"https:\/\/www.tiszaparti.hu\/index.php\/wp-json\/wp\/v2\/posts\/24828\/revisions\/24833"}],"wp:featuredmedia":[{"embeddable":true,"href":"https:\/\/www.tiszaparti.hu\/index.php\/wp-json\/wp\/v2\/media\/24832"}],"wp:attachment":[{"href":"https:\/\/www.tiszaparti.hu\/index.php\/wp-json\/wp\/v2\/media?parent=24828"}],"wp:term":[{"taxonomy":"category","embeddable":true,"href":"https:\/\/www.tiszaparti.hu\/index.php\/wp-json\/wp\/v2\/categories?post=24828"},{"taxonomy":"post_tag","embeddable":true,"href":"https:\/\/www.tiszaparti.hu\/index.php\/wp-json\/wp\/v2\/tags?post=24828"}],"curies":[{"name":"wp","href":"https:\/\/api.w.org\/{rel}","templated":true}]}}