{"id":25289,"date":"2025-10-15T14:10:26","date_gmt":"2025-10-15T13:10:26","guid":{"rendered":"https:\/\/www.tiszaparti.hu\/?p=25289"},"modified":"2025-10-15T14:10:26","modified_gmt":"2025-10-15T13:10:26","slug":"eljenazene","status":"publish","type":"post","link":"https:\/\/www.tiszaparti.hu\/index.php\/2025\/10\/15\/eljenazene\/","title":{"rendered":"Viva la musica! &#8211; \u00c9ljen a zene!"},"content":{"rendered":"<p>[vc_row][vc_column width=&#8221;3\/4&#8243; css=&#8221;.vc_custom_1511336420303{background-color: #f4ecde !important;}&#8221;][vc_separator style=&#8221;shadow&#8221;][vc_column_text]<\/p>\n<p style=\"text-align: right;\"><strong>\u201eMindenhol sz\u00f3laljon meg a zene\u2026\u201d &#8211; javasolta a zene vil\u00e1gnapj\u00e1nak meg\u00e1lmod\u00f3ja, Yehudi Menuhin.<\/strong><\/p>\n<p>&nbsp;<\/p>\n<p style=\"text-align: justify;\">Ennek jegy\u00e9ben \u00f6r\u00f6mzen\u00e9l\u00e9ssel \u00fcnnepelt\u00fck 2025. okt\u00f3ber 1-j\u00e9n a zene vil\u00e1gnapj\u00e1t.<\/p>\n<p style=\"text-align: justify;\">A zene \u00fcnnep\u00e9n flashmob jelleg\u0171 \u00e9nekl\u00e9ssel \u00e9s hangszerj\u00e1t\u00e9kkal kedveskedt\u00fcnk reggel az iskol\u00e1ba \u00e9rkez\u0151knek, majd a sz\u00fcnetekben az iskola k\u00fcl\u00f6nb\u00f6z\u0151 tereiben, az aul\u00e1kban \u00e9s az udvaron gy\u00fclekez\u0151knek.<\/p>\n<p style=\"text-align: justify;\">Hangszeren tanul\u00f3 di\u00e1kjaink t\u00f6bb helysz\u00ednen is bemutatt\u00e1k kedvenc darabjaikat.\u00a0 Csod\u00e1latos hangszerj\u00e1t\u00e9kokat hallhattunk zongor\u00e1n, fuvola- \u00e9s furulyadu\u00f3 el\u0151ad\u00e1s\u00e1ban \u00e9s git\u00e1rj\u00e1t\u00e9k form\u00e1j\u00e1ban.<\/p>\n<p style=\"text-align: justify;\">Az \u00e9nekkar rendhagy\u00f3 m\u00f3don sz\u00f3laltatta meg dal\u00e1t a k\u00fcl\u00f6nb\u00f6z\u0151 helysz\u00edneken: a fels\u0151s \u00e9nekkarosok meglepet\u00e9s\u00e9nekl\u00e9ssel k\u00f6sz\u00f6nt\u00f6tt\u00e9k a zen\u00e9t a Viva la musica! c\u00edm\u0171 k\u00e1nonnal, amelyhez flashmobszer\u0171en becsatlakoztak az als\u00f3s \u00e9nekkarosaink \u00e9s az \u00e9nekelni v\u00e1gy\u00f3 tan\u00e1raink.<\/p>\n<p style=\"text-align: justify;\">\u00d6r\u00f6m volt egy\u00fctt muzsik\u00e1lni kicsiknek \u00e9s nagyoknak.<\/p>\n<p style=\"text-align: justify;\">Nagy k\u00f6sz\u00f6net lelkes \u00e9s tehets\u00e9ges di\u00e1kjainknak, akik \u00e9nekl\u00e9s\u00fckkel \u00e9s hangszerj\u00e1t\u00e9kukkal szebb\u00e9 tett\u00e9k ezt a napot!<\/p>\n<p style=\"text-align: justify;\">K\u00f6sz\u00f6nj\u00fck sz\u00e9pen a hangszertan\u00e1rok felk\u00e9sz\u00edt\u0151 munk\u00e1j\u00e1t \u00e9s a sz\u00fcl\u0151k t\u00e1mogat\u00e1s\u00e1t!<\/p>\n<p style=\"text-align: justify;\"><em>G\u00e1sp\u00e1r Andrea szervez\u0151, \u00e9nektan\u00e1r<\/em><\/p>\n<p style=\"text-align: justify;\"><strong><u>Hangszeres fell\u00e9p\u0151k: <\/u><\/strong><\/p>\n<p style=\"text-align: justify;\">V\u00e1czi- Delley Krist\u00f3f Gyula 3.b\u00a0 &#8211; zongora<\/p>\n<p style=\"text-align: justify;\">Szab\u00f3 Hajnalka 3.b\u00a0\u00a0\u00a0 &#8211; zongora<\/p>\n<p style=\"text-align: justify;\">Dukai Zselyke\u00a0 4.a\u00a0 &#8211; furulyadu\u00f3<\/p>\n<p style=\"text-align: justify;\">Varga Lilla 4.a\u00a0\u00a0 &#8211; furulyadu\u00f3<\/p>\n<p style=\"text-align: justify;\">Balogh Johanna 4.b \u2013 furulya<\/p>\n<p style=\"text-align: justify;\">Hovorka Noel 4.c -zongora<\/p>\n<p style=\"text-align: justify;\">Pataki Zal\u00e1n 4.c\u00a0\u00a0 -zongora<\/p>\n<p style=\"text-align: justify;\">Arany-T\u00f3th Am\u00e9lia 5.b\u00a0\u00a0\u00a0 &#8211; git\u00e1r<\/p>\n<p style=\"text-align: justify;\">Varga Andr\u00e1s 6.a\u00a0\u00a0 &#8211; zongora<\/p>\n<p style=\"text-align: justify;\">V\u00e1czi- Delley\u00a0 Emese 6.c\u00a0\u00a0\u00a0 &#8211; zongora<\/p>\n<p style=\"text-align: justify;\">B\u00e1nhidi Zs\u00f3fia 7.b\u00a0\u00a0 &#8211; zongora<\/p>\n<p style=\"text-align: justify;\">Arany -T\u00f3th Leon\u00e1rd 8.b\u00a0\u00a0 &#8211; zongora<\/p>\n<p style=\"text-align: justify;\">Marton J\u00e1zmin 7.a\u00a0\u00a0\u00a0\u00a0 &#8211; fuvoladu\u00f3<\/p>\n<p style=\"text-align: justify;\">Fritz Bella 8.a\u00a0\u00a0\u00a0 &#8211; fuvoladu\u00f3<\/p>\n<p style=\"text-align: justify;\"><strong><u>Fels\u0151s \u00e9nekkar:<\/u><\/strong><\/p>\n<p style=\"text-align: justify;\">Jo\u00f3b Molli 4.c<\/p>\n<p style=\"text-align: justify;\">Kov\u00e1cs-Kalic Katica 5.a<\/p>\n<p style=\"text-align: justify;\">Aranyt-T\u00f3th Am\u00e9lia 5.b<\/p>\n<p style=\"text-align: justify;\">Fruttus Izabella 5.b<\/p>\n<p style=\"text-align: justify;\">Iv\u00e1n J\u00falia 5.b<\/p>\n<p style=\"text-align: justify;\">Moln\u00e1r Laura 5.b<\/p>\n<p style=\"text-align: justify;\">Petyk\u00f3 Abig\u00e9l 5.b<\/p>\n<p style=\"text-align: justify;\">Hajdara Szofi 5.c<\/p>\n<p style=\"text-align: justify;\">Kardos Lili 5.c<\/p>\n<p style=\"text-align: justify;\">Lucza Korn\u00e9l B\u00e1lint 5.c<\/p>\n<p style=\"text-align: justify;\">Kov\u00e1cs Lilla 6.a<\/p>\n<p style=\"text-align: justify;\">Fodor Dia 6.c<\/p>\n<p style=\"text-align: justify;\">Gombos Petra 6.c<\/p>\n<p style=\"text-align: justify;\">Horv\u00e1th D\u00f3ra 6.c<\/p>\n<p style=\"text-align: justify;\">Varga Borb\u00e1la 6.c<\/p>\n<p style=\"text-align: justify;\">Varga Em\u00edlia 6.c<\/p>\n<p style=\"text-align: justify;\">Vir\u00e1g Zselyke 6.c<\/p>\n<p style=\"text-align: justify;\">Wenner Bella\u00a0 6.c<\/p>\n<p style=\"text-align: justify;\">Gyenge S\u00e1ra 7.b<\/p>\n<p style=\"text-align: justify;\">Makai N\u00f3ra 7.b<\/p>\n<p style=\"text-align: justify;\"><strong>\u00a0<\/strong><\/p>\n<p style=\"text-align: justify;\"><strong><u>Als\u00f3s \u00e9nekkar:<\/u><\/strong><\/p>\n<p style=\"text-align: justify;\">Horv\u00e1th Benedek 2.a<\/p>\n<p style=\"text-align: justify;\">B\u00e1rdos Panna R\u00e9ka 2.b<\/p>\n<p style=\"text-align: justify;\">Makra Zo\u00e9 2.b<\/p>\n<p style=\"text-align: justify;\">S\u00e1pi Panna 3.a<\/p>\n<p style=\"text-align: justify;\">V\u00e1czi \u2013Delley Krist\u00f3f Gyula 3.b<\/p>\n<p style=\"text-align: justify;\">Szerb Daniella Fl\u00f3ra Anna 3.b<\/p>\n<p style=\"text-align: justify;\">Kov\u00e1cs Zo\u00e9 3.b<\/p>\n<p style=\"text-align: justify;\">Koz\u00e1ri Panni 3.b<\/p>\n<p style=\"text-align: justify;\">D\u00f6rm\u0151 S\u00e1ra 4.a<\/p>\n<p style=\"text-align: justify;\">Dukai Zselyke 4.a<\/p>\n<p style=\"text-align: justify;\">Krist\u00f3f Kamilla 4.a<\/p>\n<p style=\"text-align: justify;\">T\u00f3th Bogl\u00e1rka 4.a<\/p>\n<p style=\"text-align: justify;\">Balogh Johanna 4.b<\/p>\n<p style=\"text-align: justify;\">Kov\u00e1cs Fanni 4.b<\/p>\n<p style=\"text-align: justify;\">Sipos Dorka 4.b<\/p>\n<p style=\"text-align: justify;\">T\u00f6r\u00f6k Bori 4.b<\/p>\n<p style=\"text-align: justify;\">B\u00e1nhidi Regina 4.c<\/p>\n<p style=\"text-align: justify;\">Bartos M\u00e1t\u00e9 4.c<\/p>\n<p style=\"text-align: justify;\">D\u00f6me Zo\u00e9 Anita 4.c<\/p>\n<p style=\"text-align: justify;\">Gombos No\u00e9mi 4.c<\/p>\n<p style=\"text-align: justify;\">Szvetnik N\u00f3ra 4.c<\/p>\n<p>[\/vc_column_text][vc_gallery type=&#8221;slick_slider&#8221; images=&#8221;25292,25293,25294,25295,25296,25297,25298,25299,25300,25301,25302,25303,25304,25305,25306&#8243; img_size=&#8221;medium&#8221;][vc_separator style=&#8221;shadow&#8221;][\/vc_column][vc_column width=&#8221;1\/4&#8243; css=&#8221;.vc_custom_1511336434996{background-color: #f4f4f4 !important;}&#8221;][vc_widget_sidebar sidebar_id=&#8221;default&#8221;][\/vc_column][\/vc_row]<\/p>\n","protected":false},"excerpt":{"rendered":"<p>[vc_row][vc_column width=&#8221;3\/4&#8243; css=&#8221;.vc_custom_1511336420303{background-color: #f4ecde !important;}&#8221;][vc_separator style=&#8221;shadow&#8221;][vc_column_text] \u201eMindenhol sz\u00f3laljon meg a zene\u2026\u201d &#8211; javasolta a zene vil\u00e1gnapj\u00e1nak meg\u00e1lmod\u00f3ja, Yehudi Menuhin. &nbsp; Ennek jegy\u00e9ben \u00f6r\u00f6mzen\u00e9l\u00e9ssel \u00fcnnepelt\u00fck 2025. okt\u00f3ber 1-j\u00e9n a zene vil\u00e1gnapj\u00e1t. A zene \u00fcnnep\u00e9n flashmob jelleg\u0171 \u00e9nekl\u00e9ssel \u00e9s hangszerj\u00e1t\u00e9kkal kedveskedt\u00fcnk reggel az iskol\u00e1ba \u00e9rkez\u0151knek, majd a sz\u00fcnetekben az iskola k\u00fcl\u00f6nb\u00f6z\u0151 tereiben, az aul\u00e1kban \u00e9s az udvaron [&hellip;]<\/p>\n","protected":false},"author":1,"featured_media":25296,"comment_status":"closed","ping_status":"closed","sticky":false,"template":"","format":"standard","meta":{"footnotes":""},"categories":[1],"tags":[],"class_list":["post-25289","post","type-post","status-publish","format-standard","has-post-thumbnail","hentry","category-hirek"],"_links":{"self":[{"href":"https:\/\/www.tiszaparti.hu\/index.php\/wp-json\/wp\/v2\/posts\/25289","targetHints":{"allow":["GET"]}}],"collection":[{"href":"https:\/\/www.tiszaparti.hu\/index.php\/wp-json\/wp\/v2\/posts"}],"about":[{"href":"https:\/\/www.tiszaparti.hu\/index.php\/wp-json\/wp\/v2\/types\/post"}],"author":[{"embeddable":true,"href":"https:\/\/www.tiszaparti.hu\/index.php\/wp-json\/wp\/v2\/users\/1"}],"replies":[{"embeddable":true,"href":"https:\/\/www.tiszaparti.hu\/index.php\/wp-json\/wp\/v2\/comments?post=25289"}],"version-history":[{"count":3,"href":"https:\/\/www.tiszaparti.hu\/index.php\/wp-json\/wp\/v2\/posts\/25289\/revisions"}],"predecessor-version":[{"id":25307,"href":"https:\/\/www.tiszaparti.hu\/index.php\/wp-json\/wp\/v2\/posts\/25289\/revisions\/25307"}],"wp:featuredmedia":[{"embeddable":true,"href":"https:\/\/www.tiszaparti.hu\/index.php\/wp-json\/wp\/v2\/media\/25296"}],"wp:attachment":[{"href":"https:\/\/www.tiszaparti.hu\/index.php\/wp-json\/wp\/v2\/media?parent=25289"}],"wp:term":[{"taxonomy":"category","embeddable":true,"href":"https:\/\/www.tiszaparti.hu\/index.php\/wp-json\/wp\/v2\/categories?post=25289"},{"taxonomy":"post_tag","embeddable":true,"href":"https:\/\/www.tiszaparti.hu\/index.php\/wp-json\/wp\/v2\/tags?post=25289"}],"curies":[{"name":"wp","href":"https:\/\/api.w.org\/{rel}","templated":true}]}}