{"id":25504,"date":"2025-12-02T07:49:21","date_gmt":"2025-12-02T06:49:21","guid":{"rendered":"https:\/\/www.tiszaparti.hu\/?p=25504"},"modified":"2025-12-02T07:49:48","modified_gmt":"2025-12-02T06:49:48","slug":"bolyaianyanyelvicsapatverseny","status":"publish","type":"post","link":"https:\/\/www.tiszaparti.hu\/index.php\/2025\/12\/02\/bolyaianyanyelvicsapatverseny\/","title":{"rendered":"Bolyai Anyanyelvi Csapatverseny"},"content":{"rendered":"<p>[vc_row][vc_column width=&#8221;3\/4&#8243; css=&#8221;.vc_custom_1511336420303{background-color: #f4ecde !important;}&#8221;][vc_separator style=&#8221;shadow&#8221;][vc_column_text]<\/p>\n<p style=\"text-align: justify;\">A Bolyai Anyanyelvi Csapatverseny k\u00f6rzeti\/megyei fordul\u00f3j\u00e1ban a \u201eCsokinyuszik\u201d csapata a 7.b oszt\u00e1lyb\u00f3l az el\u0151kel\u0151 5. helyez\u00e9st \u00e9rte el. Ezzel a teljes\u00edtm\u00e9nnyel di\u00e1kjaink a verseny d\u00edjazottjai k\u00f6z\u00e9 ker\u00fcltek.<br \/>\nA csapat tagjai: F\u00fcl\u00f6p Benedek, Laudisz D\u00e1vid, Papp D\u00e1vid, T\u00f3th M\u00e1t\u00e9.<\/p>\n<p style=\"text-align: justify;\">Gratul\u00e1lunk a sz\u00e9p eredm\u00e9nyhez!<\/p>\n<p style=\"text-align: justify;\"><em>Bal\u00e1zsn\u00e9 Szelezs\u00e1n M\u00e1ria (felk\u00e9sz\u00edt\u0151 tan\u00e1r)<\/em><\/p>\n<p>[\/vc_column_text][vc_single_image image=&#8221;25511&#8243; img_size=&#8221;large&#8221; alignment=&#8221;center&#8221; onclick=&#8221;link_image&#8221;][vc_separator style=&#8221;shadow&#8221;][\/vc_column][vc_column width=&#8221;1\/4&#8243; css=&#8221;.vc_custom_1511336434996{background-color: #f4f4f4 !important;}&#8221;][vc_widget_sidebar sidebar_id=&#8221;default&#8221;][\/vc_column][\/vc_row]<\/p>\n","protected":false},"excerpt":{"rendered":"<p>[vc_row][vc_column width=&#8221;3\/4&#8243; css=&#8221;.vc_custom_1511336420303{background-color: #f4ecde !important;}&#8221;][vc_separator style=&#8221;shadow&#8221;][vc_column_text] A Bolyai Anyanyelvi Csapatverseny k\u00f6rzeti\/megyei fordul\u00f3j\u00e1ban a \u201eCsokinyuszik\u201d csapata a 7.b oszt\u00e1lyb\u00f3l az el\u0151kel\u0151 5. helyez\u00e9st \u00e9rte el. Ezzel a teljes\u00edtm\u00e9nnyel di\u00e1kjaink a verseny d\u00edjazottjai k\u00f6z\u00e9 ker\u00fcltek. A csapat tagjai: F\u00fcl\u00f6p Benedek, Laudisz D\u00e1vid, Papp D\u00e1vid, T\u00f3th M\u00e1t\u00e9. Gratul\u00e1lunk a sz\u00e9p eredm\u00e9nyhez! Bal\u00e1zsn\u00e9 Szelezs\u00e1n M\u00e1ria (felk\u00e9sz\u00edt\u0151 tan\u00e1r) [\/vc_column_text][vc_single_image image=&#8221;25511&#8243; [&hellip;]<\/p>\n","protected":false},"author":1,"featured_media":25511,"comment_status":"closed","ping_status":"closed","sticky":false,"template":"","format":"standard","meta":{"footnotes":""},"categories":[1],"tags":[],"class_list":["post-25504","post","type-post","status-publish","format-standard","has-post-thumbnail","hentry","category-hirek"],"_links":{"self":[{"href":"https:\/\/www.tiszaparti.hu\/index.php\/wp-json\/wp\/v2\/posts\/25504","targetHints":{"allow":["GET"]}}],"collection":[{"href":"https:\/\/www.tiszaparti.hu\/index.php\/wp-json\/wp\/v2\/posts"}],"about":[{"href":"https:\/\/www.tiszaparti.hu\/index.php\/wp-json\/wp\/v2\/types\/post"}],"author":[{"embeddable":true,"href":"https:\/\/www.tiszaparti.hu\/index.php\/wp-json\/wp\/v2\/users\/1"}],"replies":[{"embeddable":true,"href":"https:\/\/www.tiszaparti.hu\/index.php\/wp-json\/wp\/v2\/comments?post=25504"}],"version-history":[{"count":3,"href":"https:\/\/www.tiszaparti.hu\/index.php\/wp-json\/wp\/v2\/posts\/25504\/revisions"}],"predecessor-version":[{"id":25513,"href":"https:\/\/www.tiszaparti.hu\/index.php\/wp-json\/wp\/v2\/posts\/25504\/revisions\/25513"}],"wp:featuredmedia":[{"embeddable":true,"href":"https:\/\/www.tiszaparti.hu\/index.php\/wp-json\/wp\/v2\/media\/25511"}],"wp:attachment":[{"href":"https:\/\/www.tiszaparti.hu\/index.php\/wp-json\/wp\/v2\/media?parent=25504"}],"wp:term":[{"taxonomy":"category","embeddable":true,"href":"https:\/\/www.tiszaparti.hu\/index.php\/wp-json\/wp\/v2\/categories?post=25504"},{"taxonomy":"post_tag","embeddable":true,"href":"https:\/\/www.tiszaparti.hu\/index.php\/wp-json\/wp\/v2\/tags?post=25504"}],"curies":[{"name":"wp","href":"https:\/\/api.w.org\/{rel}","templated":true}]}}