{"id":25639,"date":"2026-01-06T13:25:41","date_gmt":"2026-01-06T12:25:41","guid":{"rendered":"https:\/\/www.tiszaparti.hu\/?p=25639"},"modified":"2026-01-06T13:25:41","modified_gmt":"2026-01-06T12:25:41","slug":"karacsony2025","status":"publish","type":"post","link":"https:\/\/www.tiszaparti.hu\/index.php\/2026\/01\/06\/karacsony2025\/","title":{"rendered":"Kar\u00e1csony 2025."},"content":{"rendered":"<p>[vc_row][vc_column width=&#8221;3\/4&#8243; css=&#8221;.vc_custom_1511336420303{background-color: #f4ecde !important;}&#8221;][vc_separator style=&#8221;shadow&#8221;][vc_column_text]<\/p>\n<p style=\"text-align: center;\"><strong>Kar\u00e1csony<\/strong><\/p>\n<p style=\"text-align: center;\"><strong>2025.<\/strong><\/p>\n<p style=\"text-align: justify;\"><em>\u201eSz\u00e9p T\u00fcnd\u00e9rorsz\u00e1g t\u00e1mad f\u00f6l sz\u00edvemben<br \/>\nIlyenkor decemberben.<br \/>\nA szeretetnek csillag\u00e1ra n\u00e9zek,<br \/>\nMegsz\u00e1ll egy titkos, gy\u00f6ny\u00f6r\u0171 ig\u00e9zet,<br \/>\nIlyenkor decemberben.\u201d<\/em><\/p>\n<p style=\"text-align: justify;\"><em>\u00a0<\/em><\/p>\n<p style=\"text-align: justify;\">Ezt a <em>titkos, gy\u00f6ny\u00f6r\u0171 ig\u00e9zetet <\/em>szerett\u00fck volna kar\u00e1csonyi \u00fcnneps\u00e9g\u00fcnk\u00f6n megjelen\u00edteni, \u00e9s nem is ak\u00e1rhogyan. K\u00e9pzeletbeli t\u00f6rt\u00e9net\u00fcnk egy \u201erept\u00e9ri v\u00e1r\u00f3ban\u201d kezd\u0151d\u00f6tt, ahol a legk\u00fcl\u00f6nb\u00f6z\u0151bb nemzetekb\u0151l val\u00f3 \u201eutasok\u201d egy hatalmas h\u00f3vihar miatt ott rekedtek. S hogy a v\u00e1rakoz\u00e1s idej\u00e9t kellemesebb\u00e9 tegy\u00e9k, mes\u00e9lni kezdtek egym\u00e1snak arr\u00f3l, hogy otthon, a saj\u00e1t haz\u00e1jukban hogyan \u00fcnneplik a kar\u00e1csonyt. A mese pillanatok alatt \u00e9letre kelt, s a sz\u00ednpad t\u00fals\u00f3 oldal\u00e1n megelevened\u0151 \u00e9letk\u00e9pek Amerik\u00e1b\u00f3l Mexik\u00f3ba, Olaszorsz\u00e1gb\u00f3l Spanyolorsz\u00e1gba, majd Finnorsz\u00e1gba rep\u00edtettek minket, mindezt autentikus zenei al\u00e1fest\u00e9s, nagyszer\u0171 d\u00edszletek \u00e9s jelmezek, valamint impon\u00e1l\u00f3 \u201esz\u00edn\u00e9szi\u201d produkci\u00f3k k\u00eds\u00e9ret\u00e9ben.<br \/>\nK\u00e9pzeletbeli utaz\u00e1sunk utols\u00f3 \u00e1llom\u00e1sak\u00e9nt haza\u00e9rkezt\u00fcnk Magyarorsz\u00e1gra. Az \u00e9nekkar el\u0151ad\u00e1s\u00e1ban felcsend\u00fclt a <em>Mennyb\u0151l az angyal, <\/em>megid\u00e9zve az \u00fcnnep igazi l\u00e9nyeg\u00e9t.<br \/>\nA kar\u00e1csonyi \u00fcnneps\u00e9get <em>Juh\u00e1sz Gyula<\/em> fent id\u00e9zett <em>verse<\/em> ut\u00e1n az \u00e9nekkar \u00e9s a tan\u00e1ri k\u00f3rus k\u00f6z\u00f6sen \u00e9neke, a <em>Csendes \u00e9j <\/em>z\u00e1rta.<\/p>\n<p style=\"text-align: justify;\">Rem\u00e9nyeink szerint a \u201evar\u00e1zslat\u201d c\u00e9lba \u00e9rt. \u00c1t\u00e9lhett\u00fck, hogy mennyire fontos id\u0151t sz\u00e1nnunk egym\u00e1sra, a k\u00f6z\u00f6sen \u00e1t\u00e9lt, meghitt pillanatokra.<\/p>\n<p style=\"text-align: justify;\"><em>\u201eLegy\u00fcnk h\u00e1t jobbak, s higgy\u00fcnk rend\u00fcletlen,<br \/>\nS ne csak \u00edgy decemberben!\u201d<\/em><\/p>\n<p style=\"text-align: justify;\"><em>(Juh\u00e1sz Gyula: Kar\u00e1csony fel\u00e9)<\/em><\/p>\n<p style=\"text-align: justify;\"><em>Bal\u00e1zsn\u00e9 Szelezs\u00e1n M\u00e1ria<\/em><\/p>\n<p>[\/vc_column_text][vc_gallery type=&#8221;slick_slider&#8221; images=&#8221;25644,25645,25646,25647,25648,25649,25650,25651,25652,25653,25654,25655,25656,25657,25658,25659&#8243; img_size=&#8221;medium&#8221;][vc_separator style=&#8221;shadow&#8221;][\/vc_column][vc_column width=&#8221;1\/4&#8243; css=&#8221;.vc_custom_1511336434996{background-color: #f4f4f4 !important;}&#8221;][vc_widget_sidebar sidebar_id=&#8221;default&#8221;][\/vc_column][\/vc_row]<\/p>\n","protected":false},"excerpt":{"rendered":"<p>[vc_row][vc_column width=&#8221;3\/4&#8243; css=&#8221;.vc_custom_1511336420303{background-color: #f4ecde !important;}&#8221;][vc_separator style=&#8221;shadow&#8221;][vc_column_text] Kar\u00e1csony 2025. \u201eSz\u00e9p T\u00fcnd\u00e9rorsz\u00e1g t\u00e1mad f\u00f6l sz\u00edvemben Ilyenkor decemberben. A szeretetnek csillag\u00e1ra n\u00e9zek, Megsz\u00e1ll egy titkos, gy\u00f6ny\u00f6r\u0171 ig\u00e9zet, Ilyenkor decemberben.\u201d \u00a0 Ezt a titkos, gy\u00f6ny\u00f6r\u0171 ig\u00e9zetet szerett\u00fck volna kar\u00e1csonyi \u00fcnneps\u00e9g\u00fcnk\u00f6n megjelen\u00edteni, \u00e9s nem is ak\u00e1rhogyan. K\u00e9pzeletbeli t\u00f6rt\u00e9net\u00fcnk egy \u201erept\u00e9ri v\u00e1r\u00f3ban\u201d kezd\u0151d\u00f6tt, ahol a legk\u00fcl\u00f6nb\u00f6z\u0151bb nemzetekb\u0151l val\u00f3 \u201eutasok\u201d egy hatalmas [&hellip;]<\/p>\n","protected":false},"author":1,"featured_media":25651,"comment_status":"closed","ping_status":"closed","sticky":false,"template":"","format":"standard","meta":{"footnotes":""},"categories":[1],"tags":[],"class_list":["post-25639","post","type-post","status-publish","format-standard","has-post-thumbnail","hentry","category-hirek"],"_links":{"self":[{"href":"https:\/\/www.tiszaparti.hu\/index.php\/wp-json\/wp\/v2\/posts\/25639","targetHints":{"allow":["GET"]}}],"collection":[{"href":"https:\/\/www.tiszaparti.hu\/index.php\/wp-json\/wp\/v2\/posts"}],"about":[{"href":"https:\/\/www.tiszaparti.hu\/index.php\/wp-json\/wp\/v2\/types\/post"}],"author":[{"embeddable":true,"href":"https:\/\/www.tiszaparti.hu\/index.php\/wp-json\/wp\/v2\/users\/1"}],"replies":[{"embeddable":true,"href":"https:\/\/www.tiszaparti.hu\/index.php\/wp-json\/wp\/v2\/comments?post=25639"}],"version-history":[{"count":4,"href":"https:\/\/www.tiszaparti.hu\/index.php\/wp-json\/wp\/v2\/posts\/25639\/revisions"}],"predecessor-version":[{"id":25660,"href":"https:\/\/www.tiszaparti.hu\/index.php\/wp-json\/wp\/v2\/posts\/25639\/revisions\/25660"}],"wp:featuredmedia":[{"embeddable":true,"href":"https:\/\/www.tiszaparti.hu\/index.php\/wp-json\/wp\/v2\/media\/25651"}],"wp:attachment":[{"href":"https:\/\/www.tiszaparti.hu\/index.php\/wp-json\/wp\/v2\/media?parent=25639"}],"wp:term":[{"taxonomy":"category","embeddable":true,"href":"https:\/\/www.tiszaparti.hu\/index.php\/wp-json\/wp\/v2\/categories?post=25639"},{"taxonomy":"post_tag","embeddable":true,"href":"https:\/\/www.tiszaparti.hu\/index.php\/wp-json\/wp\/v2\/tags?post=25639"}],"curies":[{"name":"wp","href":"https:\/\/api.w.org\/{rel}","templated":true}]}}