{"id":26112,"date":"2026-04-28T05:53:56","date_gmt":"2026-04-28T04:53:56","guid":{"rendered":"https:\/\/www.tiszaparti.hu\/?p=26112"},"modified":"2026-04-28T05:53:56","modified_gmt":"2026-04-28T04:53:56","slug":"holokausztemleknap-2026","status":"publish","type":"post","link":"https:\/\/www.tiszaparti.hu\/index.php\/2026\/04\/28\/holokausztemleknap-2026\/","title":{"rendered":"Megeml\u00e9kez\u00e9s a magyar holokauszt \u00e1ldozatainak eml\u00e9knapj\u00e1n"},"content":{"rendered":"<p>[vc_row][vc_column width=&#8221;3\/4&#8243; css=&#8221;.vc_custom_1511336420303{background-color: #f4ecde !important;}&#8221;][vc_separator style=&#8221;shadow&#8221;][vc_column_text]<\/p>\n<p style=\"text-align: justify;\">Iskol\u00e1nk 8. \u00e9vfolyamos tanul\u00f3i <strong>\u00e1prilis 16-\u00e1n<\/strong> rendhagy\u00f3 tan\u00f3r\u00e1k keret\u00e9ben eml\u00e9keztek meg a magyar holokauszt \u00e1ldozatair\u00f3l. A di\u00e1kok megismerkedtek a Szeged zsid\u00f3s\u00e1g\u00e1nak t\u00f6rt\u00e9net\u00e9vel, valamint a zsid\u00f3 vall\u00e1s hagyom\u00e1nyaival. A v\u00e9szkorszak esem\u00e9nyeit szem\u00e9lyes sorsokon kereszt\u00fcl dolgozt\u00e1k fel, t\u00f6bbek k\u00f6z\u00f6tt <strong>Sz\u00e9kely \u00c9va<\/strong> \u00e9s <strong>Heller \u00c1gnes<\/strong> \u00e9let\u00fatj\u00e1n kereszt\u00fcl.<\/p>\n<p style=\"text-align: justify;\">A program r\u00e9szek\u00e9nt a Belv\u00e1rosi Moziban megtekintett\u00e9k a <em>Sz\u00f6k\u0151\u00e9v<\/em> c\u00edm\u0171 kisfilmet, amely egy egykori szegedi lakos, V\u00e1radi P\u00e9ter munkaszolg\u00e1latban elt\u00f6lt\u00f6tt id\u0151szak\u00e1t mutatja be. Ezt k\u00f6vet\u0151en ell\u00e1togattak a Szegedi Zsinag\u00f3ga \u00e9p\u00fclet\u00e9be, ahol el\u0151ad\u00e1st hallgattak az \u00e9p\u00fclet t\u00f6rt\u00e9net\u00e9r\u0151l \u00e9s a helyi vonatkoz\u00e1s\u00fa holokauszt-esem\u00e9nyekr\u0151l.<\/p>\n<p style=\"text-align: justify;\">A megeml\u00e9kez\u00e9s c\u00e9lja az volt, hogy a tanul\u00f3k k\u00f6zelebb ker\u00fcljenek a t\u00f6rt\u00e9nelmi m\u00falt meg\u00e9rt\u00e9s\u00e9hez, \u00e9s er\u0151s\u00f6dj\u00f6n benn\u00fck az emp\u00e1tia, valamint a felel\u0151ss\u00e9gteljes eml\u00e9kez\u00e9s fontoss\u00e1ga. A programok a Zachor Alap\u00edtv\u00e1ny \u00e9s Lengyel Olga Holokauszt-tanulm\u00e1nyok \u00e9s Emberi Jogok Int\u00e9zete (TOLI) t\u00e1mogat\u00e1s\u00e1val val\u00f3sult meg.<\/p>\n<p style=\"text-align: justify;\"><em>Cegl\u00e9di Anna <\/em><\/p>\n<p>[\/vc_column_text][vc_gallery type=&#8221;slick_slider&#8221; images=&#8221;26114,26115,26116&#8243; img_size=&#8221;medium&#8221;][vc_separator style=&#8221;shadow&#8221;][\/vc_column][vc_column width=&#8221;1\/4&#8243; css=&#8221;.vc_custom_1511336434996{background-color: #f4f4f4 !important;}&#8221;][vc_widget_sidebar sidebar_id=&#8221;default&#8221;][\/vc_column][\/vc_row]<\/p>\n","protected":false},"excerpt":{"rendered":"<p>[vc_row][vc_column width=&#8221;3\/4&#8243; css=&#8221;.vc_custom_1511336420303{background-color: #f4ecde !important;}&#8221;][vc_separator style=&#8221;shadow&#8221;][vc_column_text] Iskol\u00e1nk 8. \u00e9vfolyamos tanul\u00f3i \u00e1prilis 16-\u00e1n rendhagy\u00f3 tan\u00f3r\u00e1k keret\u00e9ben eml\u00e9keztek meg a magyar holokauszt \u00e1ldozatair\u00f3l. A di\u00e1kok megismerkedtek a Szeged zsid\u00f3s\u00e1g\u00e1nak t\u00f6rt\u00e9net\u00e9vel, valamint a zsid\u00f3 vall\u00e1s hagyom\u00e1nyaival. A v\u00e9szkorszak esem\u00e9nyeit szem\u00e9lyes sorsokon kereszt\u00fcl dolgozt\u00e1k fel, t\u00f6bbek k\u00f6z\u00f6tt Sz\u00e9kely \u00c9va \u00e9s Heller \u00c1gnes \u00e9let\u00fatj\u00e1n kereszt\u00fcl. A program r\u00e9szek\u00e9nt a Belv\u00e1rosi [&hellip;]<\/p>\n","protected":false},"author":1,"featured_media":26116,"comment_status":"closed","ping_status":"closed","sticky":false,"template":"","format":"standard","meta":{"footnotes":""},"categories":[1],"tags":[],"class_list":["post-26112","post","type-post","status-publish","format-standard","has-post-thumbnail","hentry","category-hirek"],"_links":{"self":[{"href":"https:\/\/www.tiszaparti.hu\/index.php\/wp-json\/wp\/v2\/posts\/26112","targetHints":{"allow":["GET"]}}],"collection":[{"href":"https:\/\/www.tiszaparti.hu\/index.php\/wp-json\/wp\/v2\/posts"}],"about":[{"href":"https:\/\/www.tiszaparti.hu\/index.php\/wp-json\/wp\/v2\/types\/post"}],"author":[{"embeddable":true,"href":"https:\/\/www.tiszaparti.hu\/index.php\/wp-json\/wp\/v2\/users\/1"}],"replies":[{"embeddable":true,"href":"https:\/\/www.tiszaparti.hu\/index.php\/wp-json\/wp\/v2\/comments?post=26112"}],"version-history":[{"count":2,"href":"https:\/\/www.tiszaparti.hu\/index.php\/wp-json\/wp\/v2\/posts\/26112\/revisions"}],"predecessor-version":[{"id":26117,"href":"https:\/\/www.tiszaparti.hu\/index.php\/wp-json\/wp\/v2\/posts\/26112\/revisions\/26117"}],"wp:featuredmedia":[{"embeddable":true,"href":"https:\/\/www.tiszaparti.hu\/index.php\/wp-json\/wp\/v2\/media\/26116"}],"wp:attachment":[{"href":"https:\/\/www.tiszaparti.hu\/index.php\/wp-json\/wp\/v2\/media?parent=26112"}],"wp:term":[{"taxonomy":"category","embeddable":true,"href":"https:\/\/www.tiszaparti.hu\/index.php\/wp-json\/wp\/v2\/categories?post=26112"},{"taxonomy":"post_tag","embeddable":true,"href":"https:\/\/www.tiszaparti.hu\/index.php\/wp-json\/wp\/v2\/tags?post=26112"}],"curies":[{"name":"wp","href":"https:\/\/api.w.org\/{rel}","templated":true}]}}