{"id":26118,"date":"2026-04-28T05:58:08","date_gmt":"2026-04-28T04:58:08","guid":{"rendered":"https:\/\/www.tiszaparti.hu\/?p=26118"},"modified":"2026-04-28T05:58:44","modified_gmt":"2026-04-28T04:58:44","slug":"rendhagyoirodalomora","status":"publish","type":"post","link":"https:\/\/www.tiszaparti.hu\/index.php\/2026\/04\/28\/rendhagyoirodalomora\/","title":{"rendered":"Rendhagy\u00f3 irodalom\u00f3ra"},"content":{"rendered":"<p>[vc_row][vc_column width=&#8221;3\/4&#8243; css=&#8221;.vc_custom_1511336420303{background-color: #f4ecde !important;}&#8221;][vc_separator style=&#8221;shadow&#8221;][vc_column_text]<\/p>\n<p style=\"text-align: justify;\">\u201e<em>Mit\u0151l j\u00f3 egy nap? Att\u00f3l, hogy k\u00e9pesek vagyunk megl\u00e1tni a j\u00f3t.\u201d<\/em> \u2013 Janikovszky \u00c9va gondolat\u00e1t vihett\u00e9k magukkal a Tisza-parti \u00c1ltal\u00e1nos Iskola fels\u0151 tagozatos di\u00e1kjai egy k\u00fcl\u00f6nleges magyar\u00f3r\u00e1r\u00f3l. Cegl\u00e9di Anna 04.13-\u00e1n 6.b oszt\u00e1lynak mutatta be az \u00edr\u00f3n\u0151 <em>Napl\u00f3m<\/em> c\u00edm\u0171 \u00f6n\u00e9letrajzi m\u0171v\u00e9t.<\/p>\n<p style=\"text-align: justify;\">Az idei \u00e9vben \u00fcnnepelj\u00fck Janikovszky \u00c9va sz\u00fclet\u00e9s\u00e9nek 100. \u00e9vfordul\u00f3j\u00e1t, \u00e1m a tan\u00f3r\u00e1kon kevesebb alkalom jut a megeml\u00e9kez\u00e9sre. Pedig \u00edr\u00e1sai nemcsak a fiatalabbakhoz, hanem a kamaszokhoz is k\u00f6zel \u00e1llnak.<\/p>\n<p style=\"text-align: justify;\">Az \u00f3r\u00e1r\u00f3l k\u00e9sz\u00fclt felv\u00e9tel az al\u00e1bbi linken tekinthet\u0151 meg:<\/p>\n<p style=\"text-align: justify;\"><a href=\"https:\/\/www.youtube.com\/watch?v=V4IK9iCQXaM&amp;fbclid=IwY2xjawRa-_lleHRuA2FlbQIxMQBzcnRjBmFwcF9pZBAyMjIwMzkxNzg4MjAwODkyAAEeBE95-kHHfAFWSV1gzkF4nftywWAJz0Zp8RSYoOA0FKNrcyILxdBgMxkGN3U_aem_sWbuq0WqDP3V_7pkfMOd5A\" target=\"_blank\" rel=\"noopener\">https:\/\/www.youtube.com\/watch?v=V4IK9iCQXaM&amp;fbclid=IwY2xjawRa-_lleHRuA2FlbQIxMQBzcnRjBmFwcF9pZBAyMjIwMzkxNzg4MjAwODkyAAEeBE95-kHHfAFWSV1gzkF4nftywWAJz0Zp8RSYoOA0FKNrcyILxdBgMxkGN3U_aem_sWbuq0WqDP3V_7pkfMOd5A<\/a><\/p>\n<p>[\/vc_column_text][vc_single_image image=&#8221;26119&#8243; img_size=&#8221;full&#8221; alignment=&#8221;center&#8221;][vc_separator style=&#8221;shadow&#8221;][\/vc_column][vc_column width=&#8221;1\/4&#8243; css=&#8221;.vc_custom_1511336434996{background-color: #f4f4f4 !important;}&#8221;][vc_widget_sidebar sidebar_id=&#8221;default&#8221;][\/vc_column][\/vc_row]<\/p>\n","protected":false},"excerpt":{"rendered":"<p>[vc_row][vc_column width=&#8221;3\/4&#8243; css=&#8221;.vc_custom_1511336420303{background-color: #f4ecde !important;}&#8221;][vc_separator style=&#8221;shadow&#8221;][vc_column_text] \u201eMit\u0151l j\u00f3 egy nap? Att\u00f3l, hogy k\u00e9pesek vagyunk megl\u00e1tni a j\u00f3t.\u201d \u2013 Janikovszky \u00c9va gondolat\u00e1t vihett\u00e9k magukkal a Tisza-parti \u00c1ltal\u00e1nos Iskola fels\u0151 tagozatos di\u00e1kjai egy k\u00fcl\u00f6nleges magyar\u00f3r\u00e1r\u00f3l. Cegl\u00e9di Anna 04.13-\u00e1n 6.b oszt\u00e1lynak mutatta be az \u00edr\u00f3n\u0151 Napl\u00f3m c\u00edm\u0171 \u00f6n\u00e9letrajzi m\u0171v\u00e9t. Az idei \u00e9vben \u00fcnnepelj\u00fck Janikovszky \u00c9va sz\u00fclet\u00e9s\u00e9nek 100. \u00e9vfordul\u00f3j\u00e1t, [&hellip;]<\/p>\n","protected":false},"author":1,"featured_media":26119,"comment_status":"closed","ping_status":"closed","sticky":false,"template":"","format":"standard","meta":{"footnotes":""},"categories":[1],"tags":[],"class_list":["post-26118","post","type-post","status-publish","format-standard","has-post-thumbnail","hentry","category-hirek"],"_links":{"self":[{"href":"https:\/\/www.tiszaparti.hu\/index.php\/wp-json\/wp\/v2\/posts\/26118","targetHints":{"allow":["GET"]}}],"collection":[{"href":"https:\/\/www.tiszaparti.hu\/index.php\/wp-json\/wp\/v2\/posts"}],"about":[{"href":"https:\/\/www.tiszaparti.hu\/index.php\/wp-json\/wp\/v2\/types\/post"}],"author":[{"embeddable":true,"href":"https:\/\/www.tiszaparti.hu\/index.php\/wp-json\/wp\/v2\/users\/1"}],"replies":[{"embeddable":true,"href":"https:\/\/www.tiszaparti.hu\/index.php\/wp-json\/wp\/v2\/comments?post=26118"}],"version-history":[{"count":2,"href":"https:\/\/www.tiszaparti.hu\/index.php\/wp-json\/wp\/v2\/posts\/26118\/revisions"}],"predecessor-version":[{"id":26121,"href":"https:\/\/www.tiszaparti.hu\/index.php\/wp-json\/wp\/v2\/posts\/26118\/revisions\/26121"}],"wp:featuredmedia":[{"embeddable":true,"href":"https:\/\/www.tiszaparti.hu\/index.php\/wp-json\/wp\/v2\/media\/26119"}],"wp:attachment":[{"href":"https:\/\/www.tiszaparti.hu\/index.php\/wp-json\/wp\/v2\/media?parent=26118"}],"wp:term":[{"taxonomy":"category","embeddable":true,"href":"https:\/\/www.tiszaparti.hu\/index.php\/wp-json\/wp\/v2\/categories?post=26118"},{"taxonomy":"post_tag","embeddable":true,"href":"https:\/\/www.tiszaparti.hu\/index.php\/wp-json\/wp\/v2\/tags?post=26118"}],"curies":[{"name":"wp","href":"https:\/\/api.w.org\/{rel}","templated":true}]}}