{"id":26122,"date":"2026-04-28T06:06:14","date_gmt":"2026-04-28T05:06:14","guid":{"rendered":"https:\/\/www.tiszaparti.hu\/?p=26122"},"modified":"2026-04-28T06:06:14","modified_gmt":"2026-04-28T05:06:14","slug":"janikovszky100","status":"publish","type":"post","link":"https:\/\/www.tiszaparti.hu\/index.php\/2026\/04\/28\/janikovszky100\/","title":{"rendered":"Janikovszky 100"},"content":{"rendered":"<p>[vc_row][vc_column width=&#8221;3\/4&#8243; css=&#8221;.vc_custom_1511336420303{background-color: #f4ecde !important;}&#8221;][vc_separator style=&#8221;shadow&#8221;][vc_column_text]<\/p>\n<p style=\"text-align: justify;\">Sz\u00e1z \u00e9ve sz\u00fcletett Janikovszky \u00c9va, Szeged egyik legismertebb \u00e9s legkedveltebb \u00edr\u00f3n\u0151je. E jeles \u00e9vfordul\u00f3 alkalm\u00e1b\u00f3l a Szeged Telev\u00edzi\u00f3 \u00e1prilis 20-24 k\u00f6z\u00f6tt nagyszab\u00e1s\u00fa felolvas\u00e1ssal tisztelgett munk\u00e1ss\u00e1ga el\u0151tt.<\/p>\n<p style=\"text-align: justify;\">Az esem\u00e9nyen a Tisza-parti \u00c1ltal\u00e1nos Iskola di\u00e1kjai is akt\u00edvan r\u00e9szt vettek: k\u00f6zel 40 tanul\u00f3nk adott el\u0151 r\u00e9szleteket az \u00edr\u00f3n\u0151 legn\u00e9pszer\u0171bb m\u0171veib\u0151l, m\u00e9lt\u00f3 m\u00f3don id\u00e9zve meg Janikovszky \u00c9va k\u00fcl\u00f6nleges hangulat\u00fa, humorral \u00e9s b\u00f6lcsess\u00e9ggel \u00e1tsz\u0151tt vil\u00e1g\u00e1t.<\/p>\n<p style=\"text-align: justify;\"><strong>\u00a0<\/strong><\/p>\n<p style=\"text-align: justify;\"><strong>A felolvas\u00e1sok az al\u00e1bbi linkeken tekinthet\u0151k meg: <\/strong><\/p>\n<p style=\"text-align: justify;\"><a href=\"https:\/\/www.youtube.com\/watch?v=YkKqtNIYo8Y\" target=\"_blank\" rel=\"noopener\">https:\/\/www.youtube.com\/watch?v=YkKqtNIYo8Y<\/a><\/p>\n<p style=\"text-align: justify;\"><a href=\"https:\/\/youtu.be\/6Si53npSFfE\" target=\"_blank\" rel=\"noopener\">https:\/\/youtu.be\/6Si53npSFfE<\/a><\/p>\n<p style=\"text-align: justify;\"><a href=\"https:\/\/youtu.be\/tOKfAaWlVm4\" target=\"_blank\" rel=\"noopener\">https:\/\/youtu.be\/tOKfAaWlVm4<\/a><\/p>\n<p style=\"text-align: justify;\"><strong>A felolvas\u00e1sokr\u00f3l k\u00e9sz\u00fclt besz\u00e9lget\u00e9st az al\u00e1bbi linken lehet megtekinteni<\/strong><\/p>\n<p style=\"text-align: justify;\"><a href=\"https:\/\/www.facebook.com\/reel\/3407100462781604\/?s=single_unit\" target=\"_blank\" rel=\"noopener\"><strong>https:\/\/www.facebook.com\/reel\/3407100462781604\/?s=single_unit<\/strong><\/a><\/p>\n<p style=\"text-align: justify;\"><strong>\u00a0<\/strong><strong>K\u00f6sz\u00f6nj\u00fck di\u00e1kjaink lelkes r\u00e9szv\u00e9tel\u00e9t! <\/strong><\/p>\n<p style=\"text-align: justify;\"><em>Cegl\u00e9di Anna<\/em><\/p>\n<p>[\/vc_column_text][vc_separator style=&#8221;shadow&#8221;][\/vc_column][vc_column width=&#8221;1\/4&#8243; css=&#8221;.vc_custom_1511336434996{background-color: #f4f4f4 !important;}&#8221;][vc_widget_sidebar sidebar_id=&#8221;default&#8221;][\/vc_column][\/vc_row]<\/p>\n","protected":false},"excerpt":{"rendered":"<p>[vc_row][vc_column width=&#8221;3\/4&#8243; css=&#8221;.vc_custom_1511336420303{background-color: #f4ecde !important;}&#8221;][vc_separator style=&#8221;shadow&#8221;][vc_column_text] Sz\u00e1z \u00e9ve sz\u00fcletett Janikovszky \u00c9va, Szeged egyik legismertebb \u00e9s legkedveltebb \u00edr\u00f3n\u0151je. E jeles \u00e9vfordul\u00f3 alkalm\u00e1b\u00f3l a Szeged Telev\u00edzi\u00f3 \u00e1prilis 20-24 k\u00f6z\u00f6tt nagyszab\u00e1s\u00fa felolvas\u00e1ssal tisztelgett munk\u00e1ss\u00e1ga el\u0151tt. Az esem\u00e9nyen a Tisza-parti \u00c1ltal\u00e1nos Iskola di\u00e1kjai is akt\u00edvan r\u00e9szt vettek: k\u00f6zel 40 tanul\u00f3nk adott el\u0151 r\u00e9szleteket az \u00edr\u00f3n\u0151 legn\u00e9pszer\u0171bb m\u0171veib\u0151l, m\u00e9lt\u00f3 m\u00f3don [&hellip;]<\/p>\n","protected":false},"author":1,"featured_media":26125,"comment_status":"closed","ping_status":"closed","sticky":false,"template":"","format":"standard","meta":{"footnotes":""},"categories":[1],"tags":[],"class_list":["post-26122","post","type-post","status-publish","format-standard","has-post-thumbnail","hentry","category-hirek"],"_links":{"self":[{"href":"https:\/\/www.tiszaparti.hu\/index.php\/wp-json\/wp\/v2\/posts\/26122","targetHints":{"allow":["GET"]}}],"collection":[{"href":"https:\/\/www.tiszaparti.hu\/index.php\/wp-json\/wp\/v2\/posts"}],"about":[{"href":"https:\/\/www.tiszaparti.hu\/index.php\/wp-json\/wp\/v2\/types\/post"}],"author":[{"embeddable":true,"href":"https:\/\/www.tiszaparti.hu\/index.php\/wp-json\/wp\/v2\/users\/1"}],"replies":[{"embeddable":true,"href":"https:\/\/www.tiszaparti.hu\/index.php\/wp-json\/wp\/v2\/comments?post=26122"}],"version-history":[{"count":2,"href":"https:\/\/www.tiszaparti.hu\/index.php\/wp-json\/wp\/v2\/posts\/26122\/revisions"}],"predecessor-version":[{"id":26124,"href":"https:\/\/www.tiszaparti.hu\/index.php\/wp-json\/wp\/v2\/posts\/26122\/revisions\/26124"}],"wp:featuredmedia":[{"embeddable":true,"href":"https:\/\/www.tiszaparti.hu\/index.php\/wp-json\/wp\/v2\/media\/26125"}],"wp:attachment":[{"href":"https:\/\/www.tiszaparti.hu\/index.php\/wp-json\/wp\/v2\/media?parent=26122"}],"wp:term":[{"taxonomy":"category","embeddable":true,"href":"https:\/\/www.tiszaparti.hu\/index.php\/wp-json\/wp\/v2\/categories?post=26122"},{"taxonomy":"post_tag","embeddable":true,"href":"https:\/\/www.tiszaparti.hu\/index.php\/wp-json\/wp\/v2\/tags?post=26122"}],"curies":[{"name":"wp","href":"https:\/\/api.w.org\/{rel}","templated":true}]}}