{"id":26132,"date":"2026-04-28T11:59:17","date_gmt":"2026-04-28T10:59:17","guid":{"rendered":"https:\/\/www.tiszaparti.hu\/?p=26132"},"modified":"2026-04-29T12:59:45","modified_gmt":"2026-04-29T11:59:45","slug":"muveszeteknapja2026","status":"publish","type":"post","link":"https:\/\/www.tiszaparti.hu\/index.php\/2026\/04\/28\/muveszeteknapja2026\/","title":{"rendered":"M\u0171v\u00e9szetek napja 2026."},"content":{"rendered":"<p>[vc_row][vc_column width=&#8221;3\/4&#8243; css=&#8221;.vc_custom_1511336420303{background-color: #f4ecde !important;}&#8221;][vc_separator style=&#8221;shadow&#8221;][vc_column_text]<\/p>\n<p style=\"text-align: justify;\">A tavaszi \u00fcnnepk\u00f6r r\u00e9sz\u00e9v\u00e9 v\u00e1lt iskol\u00e1nkban a M\u0171v\u00e9szetek napja program megszervez\u00e9se.<\/p>\n<p style=\"text-align: justify;\">C\u00e9lunk az volt, hogy min\u00e9l t\u00f6bb m\u0171v\u00e9szeti \u00e1gban megmutatkozzon di\u00e1kjaink tehets\u00e9ge, kitart\u00f3 munk\u00e1ja. A r\u00e9sztvev\u0151k \u00e9s a k\u00f6z\u00f6ns\u00e9g az \u00e9bred\u0151 term\u00e9szet sz\u00e9ps\u00e9gei mellett a hangulatos produkci\u00f3k r\u00e9v\u00e9n lelki emelkedetts\u00e9get, k\u00fcl\u00f6nleges \u00e9lm\u00e9nyeket \u00e9lhetett \u00e1t ezen a napon.<\/p>\n<p style=\"text-align: justify;\">Szil\u00e1gyi Katalin tan\u00e1rn\u0151nek \u00e9s tan\u00edtv\u00e1nyainak erre az alkalomra k\u00e9sz\u00edtett, a tornaterem fal\u00e1t d\u00edsz\u00edt\u0151 l\u00e1tv\u00e1nyos, rendk\u00edv\u00fcl sz\u00ednes, kreat\u00edv alkot\u00e1sai a mes\u00e9k vil\u00e1g\u00e1ba kalauzoltak benn\u00fcnket. \u00d6r\u00f6mmel fedezt\u00fcnk fel ebben a csodavil\u00e1gban ismer\u0151s helysz\u00edneket, meseszerepl\u0151ket az alkot\u00e1sok k\u00f6z\u00f6tt. A di\u00e1kok tehets\u00e9ge a gy\u00f6ny\u00f6rk\u00f6dtet\u00e9s sz\u00e1nd\u00e9k\u00e1val tal\u00e1lkozott, s ez\u00e1ltal mindenkinek\u00a0 \u00f6r\u00f6mteli pillanatokat szerzett.<\/p>\n<p style=\"text-align: justify;\">A m\u0171sor elej\u00e9n a MOZDULATok Alapfok\u00fa M\u0171v\u00e9szeti Iskola t\u00e1ncprodukci\u00f3i teremtettek fergeteges hangulatot.<\/p>\n<p style=\"text-align: justify;\">Ezt k\u00f6vet\u0151en zen\u00e9szeink k\u00f6z\u00fcl id\u00e9n legnagyobb sz\u00e1mban a zongorist\u00e1k mutatt\u00e1k meg tehets\u00e9g\u00fcket, ugyanakkor a heged\u0171, a nagyb\u0151g\u0151 \u00e9s a fuvola is felcsend\u00fclt. Ez ut\u00f3bbi fuvolaegy\u00fcttesk\u00e9nt a programunk m\u00e9lt\u00f3 lez\u00e1r\u00e1s\u00e1t adta. K\u00f6sz\u00f6nj\u00fck a Kir\u00e1ly-K\u00f6nig P\u00e9ter Zenei AMI tan\u00e1rainak lelkiismeretes felk\u00e9sz\u00edt\u0151 munk\u00e1j\u00e1t.<\/p>\n<p style=\"text-align: justify;\">K\u00fcl\u00f6nleges \u00e9lm\u00e9nyt ny\u00fajtottak a dalos m\u0171sorsz\u00e1mok: a saj\u00e1tos \u00e9nekl\u00e9si technik\u00e1t k\u00edv\u00e1n\u00f3 n\u00e9pdalokt\u00f3l a modern filmbet\u00e9tdalig. Nem maradhatott el az \u00e9nekkar produkci\u00f3ja sem, mely Vivaldi N\u00e9gy \u00e9vszak c\u00edm\u0171 m\u0171v\u00e9b\u0151l a Tavasz I. t\u00e9tel\u00e9nek dalv\u00e1ltozata volt.<br \/>\nSokunkat meglepett, hogy az ismert dallamok a tavaszt id\u00e9z\u0151 sz\u00f6veggel zongora- \u00e9s fuvolak\u00eds\u00e9rettel sz\u00f3laltak meg.<\/p>\n<p style=\"text-align: justify;\">M\u0171v\u00e9szetek napi programunknak az id\u00e9n is r\u00e9sze volt az angol nyelv\u0171 mesej\u00e1t\u00e9k. A M\u00e9zeskal\u00e1csember t\u00f6rt\u00e9net\u00e9t a f\u0151szerepl\u0151k mellett egy nagy l\u00e9tsz\u00e1m\u00fa k\u00f3rus tette eml\u00e9kezetess\u00e9.<\/p>\n<p style=\"text-align: justify;\">Vid\u00e1m pillanatokat szereztek sz\u00e1munkra vers- \u00e9s mesemond\u00f3 di\u00e1kjaink nagy \u00e1t\u00e9l\u00e9ssel el\u0151adott produkci\u00f3i is.<\/p>\n<p style=\"text-align: justify;\">\u00dcnnepi programunk v\u00e9g\u00e9n megsz\u00f3lalhatott a Tisza-partis k\u00f6z\u00f6ss\u00e9g\u00fcnk \u00f6sszetartoz\u00e1s\u00e1t kifejez\u0151 iskoladal. A kor\u00e1bban meghirdetett p\u00e1ly\u00e1zatra t\u00f6bb alkot\u00e1s is sz\u00fcletett. A gy\u0151ztes dal Vir\u00e1gos-Kis Csongor 6.c oszt\u00e1lyos tanul\u00f3nk kreativit\u00e1s\u00e1t dics\u00e9ri. Gratul\u00e1lunk minden p\u00e1ly\u00e1z\u00f3nak, akik iskolai \u00e9let\u00fcnk \u00f6r\u00f6mteli \u00e9s neh\u00e9z pillanatait egyar\u00e1nt megjelen\u00edtett\u00e9k a dalokban.<\/p>\n<p style=\"text-align: justify;\"><em>Gazs\u00f3n\u00e9 S\u00e1ri M\u00e1ria (magyartan\u00e1r)<\/em><\/p>\n<p>[\/vc_column_text][vc_column_text]<a href=\"https:\/\/drive.google.com\/drive\/folders\/1sRmR8fuFQUcsvwy2Fs5eX1ufb_lLetUD?usp=sharing\" target=\"_blank\" rel=\"noopener\"><strong>&lt;&lt;&lt;\u00a0 K \u00c9 P E K\u00a0 &gt;&gt;&gt;<\/strong><\/a>[\/vc_column_text][vc_separator style=&#8221;shadow&#8221;][\/vc_column][vc_column width=&#8221;1\/4&#8243; css=&#8221;.vc_custom_1511336434996{background-color: #f4f4f4 !important;}&#8221;][vc_widget_sidebar sidebar_id=&#8221;default&#8221;][\/vc_column][\/vc_row]<\/p>\n","protected":false},"excerpt":{"rendered":"<p>[vc_row][vc_column width=&#8221;3\/4&#8243; css=&#8221;.vc_custom_1511336420303{background-color: #f4ecde !important;}&#8221;][vc_separator style=&#8221;shadow&#8221;][vc_column_text] A tavaszi \u00fcnnepk\u00f6r r\u00e9sz\u00e9v\u00e9 v\u00e1lt iskol\u00e1nkban a M\u0171v\u00e9szetek napja program megszervez\u00e9se. C\u00e9lunk az volt, hogy min\u00e9l t\u00f6bb m\u0171v\u00e9szeti \u00e1gban megmutatkozzon di\u00e1kjaink tehets\u00e9ge, kitart\u00f3 munk\u00e1ja. A r\u00e9sztvev\u0151k \u00e9s a k\u00f6z\u00f6ns\u00e9g az \u00e9bred\u0151 term\u00e9szet sz\u00e9ps\u00e9gei mellett a hangulatos produkci\u00f3k r\u00e9v\u00e9n lelki emelkedetts\u00e9get, k\u00fcl\u00f6nleges \u00e9lm\u00e9nyeket \u00e9lhetett \u00e1t ezen a napon. Szil\u00e1gyi Katalin [&hellip;]<\/p>\n","protected":false},"author":1,"featured_media":26143,"comment_status":"closed","ping_status":"closed","sticky":false,"template":"","format":"standard","meta":{"footnotes":""},"categories":[1],"tags":[],"class_list":["post-26132","post","type-post","status-publish","format-standard","has-post-thumbnail","hentry","category-hirek"],"_links":{"self":[{"href":"https:\/\/www.tiszaparti.hu\/index.php\/wp-json\/wp\/v2\/posts\/26132","targetHints":{"allow":["GET"]}}],"collection":[{"href":"https:\/\/www.tiszaparti.hu\/index.php\/wp-json\/wp\/v2\/posts"}],"about":[{"href":"https:\/\/www.tiszaparti.hu\/index.php\/wp-json\/wp\/v2\/types\/post"}],"author":[{"embeddable":true,"href":"https:\/\/www.tiszaparti.hu\/index.php\/wp-json\/wp\/v2\/users\/1"}],"replies":[{"embeddable":true,"href":"https:\/\/www.tiszaparti.hu\/index.php\/wp-json\/wp\/v2\/comments?post=26132"}],"version-history":[{"count":3,"href":"https:\/\/www.tiszaparti.hu\/index.php\/wp-json\/wp\/v2\/posts\/26132\/revisions"}],"predecessor-version":[{"id":26144,"href":"https:\/\/www.tiszaparti.hu\/index.php\/wp-json\/wp\/v2\/posts\/26132\/revisions\/26144"}],"wp:featuredmedia":[{"embeddable":true,"href":"https:\/\/www.tiszaparti.hu\/index.php\/wp-json\/wp\/v2\/media\/26143"}],"wp:attachment":[{"href":"https:\/\/www.tiszaparti.hu\/index.php\/wp-json\/wp\/v2\/media?parent=26132"}],"wp:term":[{"taxonomy":"category","embeddable":true,"href":"https:\/\/www.tiszaparti.hu\/index.php\/wp-json\/wp\/v2\/categories?post=26132"},{"taxonomy":"post_tag","embeddable":true,"href":"https:\/\/www.tiszaparti.hu\/index.php\/wp-json\/wp\/v2\/tags?post=26132"}],"curies":[{"name":"wp","href":"https:\/\/api.w.org\/{rel}","templated":true}]}}