{"id":26341,"date":"2026-09-03T13:32:33","date_gmt":"2026-09-03T12:32:33","guid":{"rendered":"https:\/\/www.tiszaparti.hu\/?p=26341"},"modified":"2026-09-03T13:32:33","modified_gmt":"2026-09-03T12:32:33","slug":"becsengettek","status":"publish","type":"post","link":"https:\/\/www.tiszaparti.hu\/index.php\/2026\/09\/03\/becsengettek\/","title":{"rendered":"Becsengettek&#8230;"},"content":{"rendered":"<p>[vc_row][vc_column width=&#8221;3\/4&#8243; css=&#8221;.vc_custom_1511336420303{background-color: #f4ecde !important;}&#8221;][vc_separator style=&#8221;shadow&#8221;][vc_column_text]<\/p>\n<p style=\"text-align: justify;\">Szeptember 1-j\u00e9n ism\u00e9t gyermekzsivalyt\u00f3l visszhangzott az iskola, kezdet\u00e9t vette az \u00faj tan\u00e9v.<br \/>\nA tan\u00e9vnyit\u00f3 \u00fcnnep a megszokottn\u00e1l is k\u00fcl\u00f6nlegesebb jelent\u0151s\u00e9ggel b\u00edrt, hiszen iskol\u00e1nk fenn\u00e1ll\u00e1s\u00e1nak 130. \u00e9vfordul\u00f3j\u00e1t \u00fcnnepelj\u00fck az id\u00e9n. E jeles alkalomb\u00f3l a 4. oszt\u00e1lyos tanul\u00f3k versekkel \u00e9s sz\u00ednvonalas zen\u00e9s produkci\u00f3kkal k\u00e9sz\u00fcltek. Az \u00e9nekkar az elm\u00falt \u00e9v sulidalp\u00e1ly\u00e1zat\u00e1nak egyik dal\u00e1val k\u00f6sz\u00f6nt\u00f6tte az \u00fcnneps\u00e9g r\u00e9sztvev\u0151it.<br \/>\nMost is kiemelt figyelemmel fogadtuk az els\u0151 oszt\u00e1lyos tanul\u00f3kat, akik ezen a napon v\u00e1ltak iskol\u00e1nk k\u00f6z\u00f6ss\u00e9g\u00e9nek teljes jog\u00fa tagj\u00e1v\u00e1. \u00c9vr\u0151l \u00e9vre kedves gesztus, hogy v\u00e9gz\u0151s di\u00e1kjaink apr\u00f3 aj\u00e1nd\u00e9kkal kedveskednek a legkisebbeknek.<br \/>\nA vid\u00e1m m\u0171sort k\u00f6vet\u0151en Simon Ildik\u00f3 igazgat\u00f3 asszony k\u00f6sz\u00f6nt\u00f6tte a megjelenteket, majd hivatalosan is megnyitotta a 2026\/2027-es tan\u00e9vet.<br \/>\nA jubileumi tan\u00e9v kezdet\u00e9n b\u00edzunk benne, hogy az el\u0151tt\u00fcnk \u00e1ll\u00f3 esztend\u0151 sok sz\u00e9p \u00e9lm\u00e9nyt, k\u00f6z\u00f6s sikert \u00e9s eml\u00e9kezetes pillanatokat tartogat sz\u00e1munkra.<br \/>\n<strong>Eg\u00e9szs\u00e9gben, \u00f6r\u00f6m\u00f6kben \u00e9s sikerekben gazdag tan\u00e9vet k\u00edv\u00e1nunk mindenkinek!<\/strong><\/p>\n<p style=\"text-align: justify;\"><em>Nemes Evelin \u00e9s Kucsera Szuzanna<\/em><br \/>\n<em>tan\u00edt\u00f3k<\/em><\/p>\n<p>[\/vc_column_text][vc_gallery type=&#8221;slick_slider&#8221; images=&#8221;26350,26351,26352,26353,26354,26355,26356,26357,26358,26359,26360,26361,26362&#8243;][vc_separator style=&#8221;shadow&#8221;][\/vc_column][vc_column width=&#8221;1\/4&#8243; css=&#8221;.vc_custom_1511336434996{background-color: #f4f4f4 !important;}&#8221;][vc_widget_sidebar sidebar_id=&#8221;default&#8221;][\/vc_column][\/vc_row]<\/p>\n","protected":false},"excerpt":{"rendered":"<p>[vc_row][vc_column width=&#8221;3\/4&#8243; css=&#8221;.vc_custom_1511336420303{background-color: #f4ecde !important;}&#8221;][vc_separator style=&#8221;shadow&#8221;][vc_column_text] Szeptember 1-j\u00e9n ism\u00e9t gyermekzsivalyt\u00f3l visszhangzott az iskola, kezdet\u00e9t vette az \u00faj tan\u00e9v. A tan\u00e9vnyit\u00f3 \u00fcnnep a megszokottn\u00e1l is k\u00fcl\u00f6nlegesebb jelent\u0151s\u00e9ggel b\u00edrt, hiszen iskol\u00e1nk fenn\u00e1ll\u00e1s\u00e1nak 130. \u00e9vfordul\u00f3j\u00e1t \u00fcnnepelj\u00fck az id\u00e9n. E jeles alkalomb\u00f3l a 4. oszt\u00e1lyos tanul\u00f3k versekkel \u00e9s sz\u00ednvonalas zen\u00e9s produkci\u00f3kkal k\u00e9sz\u00fcltek. Az \u00e9nekkar az elm\u00falt \u00e9v sulidalp\u00e1ly\u00e1zat\u00e1nak egyik [&hellip;]<\/p>\n","protected":false},"author":1,"featured_media":26353,"comment_status":"closed","ping_status":"closed","sticky":false,"template":"","format":"standard","meta":{"footnotes":""},"categories":[1],"tags":[],"class_list":["post-26341","post","type-post","status-publish","format-standard","has-post-thumbnail","hentry","category-hirek"],"_links":{"self":[{"href":"https:\/\/www.tiszaparti.hu\/index.php\/wp-json\/wp\/v2\/posts\/26341","targetHints":{"allow":["GET"]}}],"collection":[{"href":"https:\/\/www.tiszaparti.hu\/index.php\/wp-json\/wp\/v2\/posts"}],"about":[{"href":"https:\/\/www.tiszaparti.hu\/index.php\/wp-json\/wp\/v2\/types\/post"}],"author":[{"embeddable":true,"href":"https:\/\/www.tiszaparti.hu\/index.php\/wp-json\/wp\/v2\/users\/1"}],"replies":[{"embeddable":true,"href":"https:\/\/www.tiszaparti.hu\/index.php\/wp-json\/wp\/v2\/comments?post=26341"}],"version-history":[{"count":5,"href":"https:\/\/www.tiszaparti.hu\/index.php\/wp-json\/wp\/v2\/posts\/26341\/revisions"}],"predecessor-version":[{"id":26363,"href":"https:\/\/www.tiszaparti.hu\/index.php\/wp-json\/wp\/v2\/posts\/26341\/revisions\/26363"}],"wp:featuredmedia":[{"embeddable":true,"href":"https:\/\/www.tiszaparti.hu\/index.php\/wp-json\/wp\/v2\/media\/26353"}],"wp:attachment":[{"href":"https:\/\/www.tiszaparti.hu\/index.php\/wp-json\/wp\/v2\/media?parent=26341"}],"wp:term":[{"taxonomy":"category","embeddable":true,"href":"https:\/\/www.tiszaparti.hu\/index.php\/wp-json\/wp\/v2\/categories?post=26341"},{"taxonomy":"post_tag","embeddable":true,"href":"https:\/\/www.tiszaparti.hu\/index.php\/wp-json\/wp\/v2\/tags?post=26341"}],"curies":[{"name":"wp","href":"https:\/\/api.w.org\/{rel}","templated":true}]}}