{"id":6291,"date":"2017-04-21T10:43:32","date_gmt":"2017-04-21T10:43:32","guid":{"rendered":"http:\/\/www.tiszaparti.hu\/?p=6291"},"modified":"2017-04-21T10:43:32","modified_gmt":"2017-04-21T10:43:32","slug":"kerekparos-iskola-kupa-varosi-donto","status":"publish","type":"post","link":"https:\/\/www.tiszaparti.hu\/index.php\/2017\/04\/21\/kerekparos-iskola-kupa-varosi-donto\/","title":{"rendered":"Ker\u00e9kp\u00e1ros Iskola Kupa &#8211; v\u00e1rosi d\u00f6nt\u0151"},"content":{"rendered":"<p>[vc_row][vc_column width=&#8221;2\/3&#8243; css=&#8221;.vc_custom_1492591562843{background-color: #f4ecde !important;}&#8221;][vc_separator style=&#8221;shadow&#8221;][vc_column_text]<\/p>\n<p style=\"text-align: justify;\">A Szegedi Rend\u0151rkapit\u00e1nys\u00e1gon megrendezett <strong>Ker\u00e9kp\u00e1ros Iskola Kupa<\/strong> 2017. \u00e9vi v\u00e1rosi d\u00f6nt\u0151j\u00e9ben sz\u00e9p eredm\u00e9nyt \u00e9rtek el a Tisza-parti \u00c1ltal\u00e1nos Iskola 7.a oszt\u00e1lyos tanul\u00f3i.<\/p>\n<p><strong>Fi\u00fak:<\/strong><\/p>\n<p style=\"padding-left: 30px;\">I. helyezett <em><strong>Kov\u00e1cs Raul<\/strong><\/em><\/p>\n<p><strong>L\u00e1nyok:<\/strong><\/p>\n<p style=\"padding-left: 30px;\">K\u00fcl\u00f6nd\u00edjas: <em><strong>Varga Regina<\/strong><\/em>\u00a0\u2013 elm\u00e9leti teljes\u00edtm\u00e9ny\u00e9rt<\/p>\n<p><strong>A csapat tagjai:<\/strong><\/p>\n<p style=\"padding-left: 30px;\"><em><strong>Kismarczi Kis\u00f3<\/strong><\/em><\/p>\n<p style=\"padding-left: 30px;\"><em><strong>Varga Regina<\/strong><\/em><\/p>\n<p style=\"padding-left: 30px;\"><em><strong>Kov\u00e1cs Raul<\/strong><\/em><\/p>\n<p style=\"padding-left: 30px;\"><em><strong>K\u00f3sz\u00f3 Ferenc<\/strong><\/em><\/p>\n<p><strong>Gratul\u00e1lunk a kiv\u00e1l\u00f3 eredm\u00e9nyhez!<\/strong>[\/vc_column_text][vc_gallery type=&#8221;slick_slider&#8221; images=&#8221;6277,6278,6279,6280,6281,6282,6283,6284,6285,6286,6287,6288,6289,6290&#8243;][vc_separator style=&#8221;shadow&#8221;][\/vc_column][vc_column width=&#8221;1\/3&#8243; css=&#8221;.vc_custom_1492591579762{background-color: #f4f4f4 !important;}&#8221;][vc_widget_sidebar sidebar_id=&#8221;default&#8221;][\/vc_column][\/vc_row]<\/p>\n","protected":false},"excerpt":{"rendered":"<p>[vc_row][vc_column width=&#8221;2\/3&#8243; css=&#8221;.vc_custom_1492591562843{background-color: #f4ecde !important;}&#8221;][vc_separator style=&#8221;shadow&#8221;][vc_column_text] A Szegedi Rend\u0151rkapit\u00e1nys\u00e1gon megrendezett Ker\u00e9kp\u00e1ros Iskola Kupa 2017. \u00e9vi v\u00e1rosi d\u00f6nt\u0151j\u00e9ben sz\u00e9p eredm\u00e9nyt \u00e9rtek el a Tisza-parti \u00c1ltal\u00e1nos Iskola 7.a oszt\u00e1lyos tanul\u00f3i. Fi\u00fak: I. helyezett Kov\u00e1cs Raul L\u00e1nyok: K\u00fcl\u00f6nd\u00edjas: Varga Regina\u00a0\u2013 elm\u00e9leti teljes\u00edtm\u00e9ny\u00e9rt A csapat tagjai: Kismarczi Kis\u00f3 Varga Regina Kov\u00e1cs Raul K\u00f3sz\u00f3 Ferenc Gratul\u00e1lunk a kiv\u00e1l\u00f3 eredm\u00e9nyhez![\/vc_column_text][vc_gallery type=&#8221;slick_slider&#8221; [&hellip;]<\/p>\n","protected":false},"author":2,"featured_media":6289,"comment_status":"open","ping_status":"open","sticky":false,"template":"","format":"standard","meta":{"footnotes":""},"categories":[1],"tags":[],"class_list":["post-6291","post","type-post","status-publish","format-standard","has-post-thumbnail","hentry","category-hirek"],"_links":{"self":[{"href":"https:\/\/www.tiszaparti.hu\/index.php\/wp-json\/wp\/v2\/posts\/6291","targetHints":{"allow":["GET"]}}],"collection":[{"href":"https:\/\/www.tiszaparti.hu\/index.php\/wp-json\/wp\/v2\/posts"}],"about":[{"href":"https:\/\/www.tiszaparti.hu\/index.php\/wp-json\/wp\/v2\/types\/post"}],"author":[{"embeddable":true,"href":"https:\/\/www.tiszaparti.hu\/index.php\/wp-json\/wp\/v2\/users\/2"}],"replies":[{"embeddable":true,"href":"https:\/\/www.tiszaparti.hu\/index.php\/wp-json\/wp\/v2\/comments?post=6291"}],"version-history":[{"count":0,"href":"https:\/\/www.tiszaparti.hu\/index.php\/wp-json\/wp\/v2\/posts\/6291\/revisions"}],"wp:featuredmedia":[{"embeddable":true,"href":"https:\/\/www.tiszaparti.hu\/index.php\/wp-json\/wp\/v2\/media\/6289"}],"wp:attachment":[{"href":"https:\/\/www.tiszaparti.hu\/index.php\/wp-json\/wp\/v2\/media?parent=6291"}],"wp:term":[{"taxonomy":"category","embeddable":true,"href":"https:\/\/www.tiszaparti.hu\/index.php\/wp-json\/wp\/v2\/categories?post=6291"},{"taxonomy":"post_tag","embeddable":true,"href":"https:\/\/www.tiszaparti.hu\/index.php\/wp-json\/wp\/v2\/tags?post=6291"}],"curies":[{"name":"wp","href":"https:\/\/api.w.org\/{rel}","templated":true}]}}