{"id":8405,"date":"2018-01-03T08:08:25","date_gmt":"2018-01-03T08:08:25","guid":{"rendered":"http:\/\/www.tiszaparti.hu\/?p=8405"},"modified":"2018-01-03T08:11:07","modified_gmt":"2018-01-03T08:11:07","slug":"adventikezmuveskedes","status":"publish","type":"post","link":"https:\/\/www.tiszaparti.hu\/index.php\/2018\/01\/03\/adventikezmuveskedes\/","title":{"rendered":"Adventi k\u00e9zm\u0171vesked\u00e9s"},"content":{"rendered":"<p>[vc_row][vc_column width=&#8221;3\/4&#8243; css=&#8221;.vc_custom_1511336420303{background-color: #f4ecde !important;}&#8221;][vc_separator style=&#8221;shadow&#8221;][vc_column_text]<\/p>\n<p style=\"text-align: justify;\">A Tisza-parti \u00c1ltal\u00e1nos iskol\u00e1ban SM-betegek, als\u00f3s \u00e9s fels\u0151 tagozatos gyerekek, tan\u00e1raik k\u00f6z\u00f6sen k\u00e9sz\u00edtettek kar\u00e1csonyi d\u00edszeket feleslegess\u00e9 v\u00e1lt t\u00e1rgyak kreat\u00edv \u00fajrahasznos\u00edt\u00e1s\u00e1val. De az \u201eEmp\u00e1tia Ter\u00e1pia\u201d \u00e9rz\u00e9keny\u00edt\u00e9s sem maradt el. Kib\u0151v\u00fclve n\u00e9h\u00e1ny \u00e9rz\u00e9keny\u00edt\u0151 j\u00e1t\u00e9kkal, \u00e9s a szimul\u00e1ci\u00f3s eszk\u00f6zt\u00e1runkat is fejlesztve, a gyerekek egyre t\u00f6bb \u00e9rz\u00e9kszerv\u00e9t bevonva \u00e9lhett\u00e9k \u00e1t a fogyat\u00e9kkal \u00e9l\u0151k neh\u00e9zs\u00e9geit \u00e9s mindennapjait. K\u00f6sz\u00f6nj\u00fck a pedag\u00f3gusok seg\u00edts\u00e9g\u00e9t, a 6. b oszt\u00e1ly tanul\u00f3inak lelkes egy\u00fcttm\u0171k\u00f6d\u00e9s\u00e9t. Igazi csapatmunka val\u00f3sulhatott meg, \u0151k valamennyien seg\u00edtettek a gy\u00fcm\u00f6lcs\u00f6k h\u00e1moz\u00e1s\u00e1ban, t\u00e1lal\u00e1s\u00e1ban, fot\u00f3k \u00e9s kisfilmek k\u00e9sz\u00edt\u00e9s\u00e9ben \u00e9s a k\u00e9zm\u0171ves alkot\u00e1sok elk\u00e9sz\u00edt\u00e9s\u00e9ben is.<\/p>\n<p>[\/vc_column_text][vc_gallery type=&#8221;slick_slider&#8221; images=&#8221;8407,8408,8409,8410,8411,8412,8413,8414,8415,8416,8417,8418,8419,8420,8421,8422,8423&#8243;][vc_separator style=&#8221;shadow&#8221;][\/vc_column][vc_column width=&#8221;1\/4&#8243; css=&#8221;.vc_custom_1511336434996{background-color: #f4f4f4 !important;}&#8221;][vc_widget_sidebar sidebar_id=&#8221;default&#8221;][\/vc_column][\/vc_row]<\/p>\n","protected":false},"excerpt":{"rendered":"<p>[vc_row][vc_column width=&#8221;3\/4&#8243; css=&#8221;.vc_custom_1511336420303{background-color: #f4ecde !important;}&#8221;][vc_separator style=&#8221;shadow&#8221;][vc_column_text] A Tisza-parti \u00c1ltal\u00e1nos iskol\u00e1ban SM-betegek, als\u00f3s \u00e9s fels\u0151 tagozatos gyerekek, tan\u00e1raik k\u00f6z\u00f6sen k\u00e9sz\u00edtettek kar\u00e1csonyi d\u00edszeket feleslegess\u00e9 v\u00e1lt t\u00e1rgyak kreat\u00edv \u00fajrahasznos\u00edt\u00e1s\u00e1val. De az \u201eEmp\u00e1tia Ter\u00e1pia\u201d \u00e9rz\u00e9keny\u00edt\u00e9s sem maradt el. Kib\u0151v\u00fclve n\u00e9h\u00e1ny \u00e9rz\u00e9keny\u00edt\u0151 j\u00e1t\u00e9kkal, \u00e9s a szimul\u00e1ci\u00f3s eszk\u00f6zt\u00e1runkat is fejlesztve, a gyerekek egyre t\u00f6bb \u00e9rz\u00e9kszerv\u00e9t bevonva \u00e9lhett\u00e9k \u00e1t a fogyat\u00e9kkal \u00e9l\u0151k [&hellip;]<\/p>\n","protected":false},"author":2,"featured_media":8422,"comment_status":"open","ping_status":"open","sticky":false,"template":"","format":"standard","meta":{"footnotes":""},"categories":[1],"tags":[],"class_list":["post-8405","post","type-post","status-publish","format-standard","has-post-thumbnail","hentry","category-hirek"],"_links":{"self":[{"href":"https:\/\/www.tiszaparti.hu\/index.php\/wp-json\/wp\/v2\/posts\/8405","targetHints":{"allow":["GET"]}}],"collection":[{"href":"https:\/\/www.tiszaparti.hu\/index.php\/wp-json\/wp\/v2\/posts"}],"about":[{"href":"https:\/\/www.tiszaparti.hu\/index.php\/wp-json\/wp\/v2\/types\/post"}],"author":[{"embeddable":true,"href":"https:\/\/www.tiszaparti.hu\/index.php\/wp-json\/wp\/v2\/users\/2"}],"replies":[{"embeddable":true,"href":"https:\/\/www.tiszaparti.hu\/index.php\/wp-json\/wp\/v2\/comments?post=8405"}],"version-history":[{"count":0,"href":"https:\/\/www.tiszaparti.hu\/index.php\/wp-json\/wp\/v2\/posts\/8405\/revisions"}],"wp:featuredmedia":[{"embeddable":true,"href":"https:\/\/www.tiszaparti.hu\/index.php\/wp-json\/wp\/v2\/media\/8422"}],"wp:attachment":[{"href":"https:\/\/www.tiszaparti.hu\/index.php\/wp-json\/wp\/v2\/media?parent=8405"}],"wp:term":[{"taxonomy":"category","embeddable":true,"href":"https:\/\/www.tiszaparti.hu\/index.php\/wp-json\/wp\/v2\/categories?post=8405"},{"taxonomy":"post_tag","embeddable":true,"href":"https:\/\/www.tiszaparti.hu\/index.php\/wp-json\/wp\/v2\/tags?post=8405"}],"curies":[{"name":"wp","href":"https:\/\/api.w.org\/{rel}","templated":true}]}}